{"id":1269,"date":"2012-01-23T00:39:32","date_gmt":"2012-01-23T00:39:32","guid":{"rendered":"http:\/\/www.ifbaiano.edu.br\/unidades\/valenca\/?p=1269"},"modified":"2012-02-07T12:52:45","modified_gmt":"2012-02-07T12:52:45","slug":"campus-valenca-promove-oficina-sobre-a-ditadura-militar","status":"publish","type":"post","link":"https:\/\/www.ifbaiano.edu.br\/unidades\/valenca\/2012\/01\/23\/campus-valenca-promove-oficina-sobre-a-ditadura-militar\/","title":{"rendered":"Campus Valen\u00e7a promove Oficina sobre a Ditadura Militar"},"content":{"rendered":"<div dir=\"ltr\">\n<div>Acontece durante esta semana, de 23 a27 de janeiro de 2012, aOficina <strong>Desse luto nasce a luta: poder e resist\u00eancia durante a Ditadura no Brasil<\/strong>, organizada pelos professores de Geografia e Hist\u00f3ria do campus \u2013 Anderson Epifania e Fabiane Andrade \u2013 e os alunos do 3\u00aa terceira S\u00e9rie do Ensino M\u00e9dio.<\/div>\n<div>\u00a0<\/div>\n<div>Os Professores organizadores da oficina afirmam que \u201c<em>esse tema ainda precisa ser amplamente debatido, principalmente nos ambientes escolares a fim que esse per\u00edodo da hist\u00f3ria do Brasil seja conhecido e devidamente problematizado.<\/em>\u00a0\u201d<\/div>\n<div>\u00a0<\/div>\n<div>O dia 27 finaliza\u00e7\u00e3o com o retorno ao Festival da Can\u00e7\u00e3o.<\/div>\n<div>\u00a0<\/div>\n<div>__________________________________<\/div>\n<div>\u00a0<\/div>\n<div><strong>O qu\u00ea? <\/strong>Oficina sobre a Ditadura Militar \u2013 <em>Desse luto nasce a luta: poder e resist\u00eancia durante a Ditadura no Brasil\u00a0\u00a0 <\/em><\/div>\n<div><strong>Quando?<\/strong>\u00a023 a 27 de janeiro de 2012, \u00e0s 19:30<\/div>\n<div><strong>Onde? <\/strong>Audit\u00f3rio do Instituto Federal Baiano, Campus Valen\u00e7a.<\/div>\n<div><strong>Professores Convidados:<\/strong> Dislene Cardoso, Jos\u00e9 de Lira; Gilson Silva<\/div>\n<\/div>\n","protected":false},"excerpt":{"rendered":"<p>Acontece durante esta semana, de 23 a27 de janeiro de 2012, aOficina Desse luto nasce a luta: poder e resist\u00eancia durante a Ditadura no Brasil, organizada pelos professores de Geografia e Hist\u00f3ria do campus \u2013 Anderson Epifania e Fabiane Andrade \u2013 e os alunos do 3\u00aa terceira S\u00e9rie do Ensino M\u00e9dio. \u00a0 Os Professores organizadores [&hellip;]<\/p>\n","protected":false},"author":6,"featured_media":0,"comment_status":"open","ping_status":"open","sticky":false,"template":"","format":"standard","meta":[],"categories":[5],"tags":[],"_links":{"self":[{"href":"https:\/\/www.ifbaiano.edu.br\/unidades\/valenca\/wp-json\/wp\/v2\/posts\/1269"}],"collection":[{"href":"https:\/\/www.ifbaiano.edu.br\/unidades\/valenca\/wp-json\/wp\/v2\/posts"}],"about":[{"href":"https:\/\/www.ifbaiano.edu.br\/unidades\/valenca\/wp-json\/wp\/v2\/types\/post"}],"author":[{"embeddable":true,"href":"https:\/\/www.ifbaiano.edu.br\/unidades\/valenca\/wp-json\/wp\/v2\/users\/6"}],"replies":[{"embeddable":true,"href":"https:\/\/www.ifbaiano.edu.br\/unidades\/valenca\/wp-json\/wp\/v2\/comments?post=1269"}],"version-history":[{"count":5,"href":"https:\/\/www.ifbaiano.edu.br\/unidades\/valenca\/wp-json\/wp\/v2\/posts\/1269\/revisions"}],"predecessor-version":[{"id":1372,"href":"https:\/\/www.ifbaiano.edu.br\/unidades\/valenca\/wp-json\/wp\/v2\/posts\/1269\/revisions\/1372"}],"wp:attachment":[{"href":"https:\/\/www.ifbaiano.edu.br\/unidades\/valenca\/wp-json\/wp\/v2\/media?parent=1269"}],"wp:term":[{"taxonomy":"category","embeddable":true,"href":"https:\/\/www.ifbaiano.edu.br\/unidades\/valenca\/wp-json\/wp\/v2\/categories?post=1269"},{"taxonomy":"post_tag","embeddable":true,"href":"https:\/\/www.ifbaiano.edu.br\/unidades\/valenca\/wp-json\/wp\/v2\/tags?post=1269"}],"curies":[{"name":"wp","href":"https:\/\/api.w.org\/{rel}","templated":true}]}}