{"id":1279,"date":"2012-01-27T11:41:50","date_gmt":"2012-01-27T11:41:50","guid":{"rendered":"http:\/\/www.ifbaiano.edu.br\/unidades\/valenca\/?p=1279"},"modified":"2012-02-07T12:52:45","modified_gmt":"2012-02-07T12:52:45","slug":"forum-mundial-de-educacao-profissional-e-tecnologica","status":"publish","type":"post","link":"https:\/\/www.ifbaiano.edu.br\/unidades\/valenca\/2012\/01\/27\/forum-mundial-de-educacao-profissional-e-tecnologica\/","title":{"rendered":"F\u00f3rum Mundial de Educa\u00e7\u00e3o Profissional e Tecnol\u00f3gica"},"content":{"rendered":"<p>O F\u00f3rum Mundial de Educa\u00e7\u00e3o Profissional e Tecnol\u00f3gica (FMEPT) \u00e9 um f\u00f3rum tem\u00e1tico do F\u00f3rum Mundial de Educa\u00e7\u00e3o (FME), um movimento pela cidadania e pelo direito universal \u00e0 educa\u00e7\u00e3o que busca levantar propostas que integrem a plataforma mundial de educa\u00e7\u00e3o.<\/p>\n<p>A primeira edi\u00e7\u00e3o do FMEPT foi realizada em 2009, em Bras\u00edlia. Para a segunda edi\u00e7\u00e3o do F\u00f3rum, a cidade de Florian\u00f3polis\u2013 capital do estado de Santa Catarina \u2013 foi escolhida para sediar o evento que ser\u00e1 realizado de <strong>28 de maio a 1\u00ba de junho de 2012.<\/strong><\/p>\n<p>Acesse o sitio : <a href=\"http:\/\/www.forumedutec.org\">www.forumedutec.org<\/a>.<\/p>\n<p align=\"right\">Fonte: ASCOM\/IF Baiano<\/p>\n","protected":false},"excerpt":{"rendered":"<p>O F\u00f3rum Mundial de Educa\u00e7\u00e3o Profissional e Tecnol\u00f3gica (FMEPT) \u00e9 um f\u00f3rum tem\u00e1tico do F\u00f3rum Mundial de Educa\u00e7\u00e3o (FME), um movimento pela cidadania e pelo direito universal \u00e0 educa\u00e7\u00e3o que busca levantar propostas que integrem a plataforma mundial de educa\u00e7\u00e3o. A primeira edi\u00e7\u00e3o do FMEPT foi realizada em 2009, em Bras\u00edlia. Para a segunda edi\u00e7\u00e3o [&hellip;]<\/p>\n","protected":false},"author":6,"featured_media":0,"comment_status":"open","ping_status":"open","sticky":false,"template":"","format":"standard","meta":[],"categories":[34],"tags":[],"_links":{"self":[{"href":"https:\/\/www.ifbaiano.edu.br\/unidades\/valenca\/wp-json\/wp\/v2\/posts\/1279"}],"collection":[{"href":"https:\/\/www.ifbaiano.edu.br\/unidades\/valenca\/wp-json\/wp\/v2\/posts"}],"about":[{"href":"https:\/\/www.ifbaiano.edu.br\/unidades\/valenca\/wp-json\/wp\/v2\/types\/post"}],"author":[{"embeddable":true,"href":"https:\/\/www.ifbaiano.edu.br\/unidades\/valenca\/wp-json\/wp\/v2\/users\/6"}],"replies":[{"embeddable":true,"href":"https:\/\/www.ifbaiano.edu.br\/unidades\/valenca\/wp-json\/wp\/v2\/comments?post=1279"}],"version-history":[{"count":5,"href":"https:\/\/www.ifbaiano.edu.br\/unidades\/valenca\/wp-json\/wp\/v2\/posts\/1279\/revisions"}],"predecessor-version":[{"id":1371,"href":"https:\/\/www.ifbaiano.edu.br\/unidades\/valenca\/wp-json\/wp\/v2\/posts\/1279\/revisions\/1371"}],"wp:attachment":[{"href":"https:\/\/www.ifbaiano.edu.br\/unidades\/valenca\/wp-json\/wp\/v2\/media?parent=1279"}],"wp:term":[{"taxonomy":"category","embeddable":true,"href":"https:\/\/www.ifbaiano.edu.br\/unidades\/valenca\/wp-json\/wp\/v2\/categories?post=1279"},{"taxonomy":"post_tag","embeddable":true,"href":"https:\/\/www.ifbaiano.edu.br\/unidades\/valenca\/wp-json\/wp\/v2\/tags?post=1279"}],"curies":[{"name":"wp","href":"https:\/\/api.w.org\/{rel}","templated":true}]}}