{"id":1287,"date":"2012-01-27T14:37:01","date_gmt":"2012-01-27T14:37:01","guid":{"rendered":"http:\/\/www.ifbaiano.edu.br\/unidades\/valenca\/?p=1287"},"modified":"2012-02-07T12:52:45","modified_gmt":"2012-02-07T12:52:45","slug":"construcao-do-planejamento-institucional","status":"publish","type":"post","link":"https:\/\/www.ifbaiano.edu.br\/unidades\/valenca\/2012\/01\/27\/construcao-do-planejamento-institucional\/","title":{"rendered":"Constru\u00e7\u00e3o do Planejamento Institucional 2012"},"content":{"rendered":"<p style=\"text-align: left\" align=\"center\">A dire\u00e7\u00e3o do Campus Valen\u00e7a convida a toda a comunidade interna do campus para prosseguir com o desenvolvimento do Planejamento institucional 2012.<\/p>\n<p>\u00a0As propostas de a\u00e7\u00e3o das Unidades de Trabalho dever\u00e3o ser encaminhadas at\u00e9 dia 03 de fevereiro de 2012, a fim de que as mesmas possam ser inclu\u00eddas\u00a0 para discuss\u00e3o nas pr\u00f3ximas Etapas.<\/p>\n<p>Confira\u00a0Cronograma de A\u00e7\u00e3o e documento Avalia\u00e7\u00e3o do Plano de A\u00e7\u00e3o 2011, na <a title=\"p\u00e1gina da PRODIN \" href=\"http:\/\/www.ifbaiano.edu.br\/pro-reitoriais\/prodin\" target=\"_blank\">p\u00e1gina da PRODIN<\/a>.<\/p>\n<p>&nbsp;<\/p>\n","protected":false},"excerpt":{"rendered":"<p>A dire\u00e7\u00e3o do Campus Valen\u00e7a convida a toda a comunidade interna do campus para prosseguir com o desenvolvimento do Planejamento institucional 2012. \u00a0As propostas de a\u00e7\u00e3o das Unidades de Trabalho dever\u00e3o ser encaminhadas at\u00e9 dia 03 de fevereiro de 2012, a fim de que as mesmas possam ser inclu\u00eddas\u00a0 para discuss\u00e3o nas pr\u00f3ximas Etapas. Confira\u00a0Cronograma [&hellip;]<\/p>\n","protected":false},"author":6,"featured_media":0,"comment_status":"open","ping_status":"open","sticky":false,"template":"","format":"standard","meta":[],"categories":[5,41],"tags":[],"_links":{"self":[{"href":"https:\/\/www.ifbaiano.edu.br\/unidades\/valenca\/wp-json\/wp\/v2\/posts\/1287"}],"collection":[{"href":"https:\/\/www.ifbaiano.edu.br\/unidades\/valenca\/wp-json\/wp\/v2\/posts"}],"about":[{"href":"https:\/\/www.ifbaiano.edu.br\/unidades\/valenca\/wp-json\/wp\/v2\/types\/post"}],"author":[{"embeddable":true,"href":"https:\/\/www.ifbaiano.edu.br\/unidades\/valenca\/wp-json\/wp\/v2\/users\/6"}],"replies":[{"embeddable":true,"href":"https:\/\/www.ifbaiano.edu.br\/unidades\/valenca\/wp-json\/wp\/v2\/comments?post=1287"}],"version-history":[{"count":8,"href":"https:\/\/www.ifbaiano.edu.br\/unidades\/valenca\/wp-json\/wp\/v2\/posts\/1287\/revisions"}],"predecessor-version":[{"id":1370,"href":"https:\/\/www.ifbaiano.edu.br\/unidades\/valenca\/wp-json\/wp\/v2\/posts\/1287\/revisions\/1370"}],"wp:attachment":[{"href":"https:\/\/www.ifbaiano.edu.br\/unidades\/valenca\/wp-json\/wp\/v2\/media?parent=1287"}],"wp:term":[{"taxonomy":"category","embeddable":true,"href":"https:\/\/www.ifbaiano.edu.br\/unidades\/valenca\/wp-json\/wp\/v2\/categories?post=1287"},{"taxonomy":"post_tag","embeddable":true,"href":"https:\/\/www.ifbaiano.edu.br\/unidades\/valenca\/wp-json\/wp\/v2\/tags?post=1287"}],"curies":[{"name":"wp","href":"https:\/\/api.w.org\/{rel}","templated":true}]}}