{"id":1292,"date":"2012-01-27T14:50:21","date_gmt":"2012-01-27T14:50:21","guid":{"rendered":"http:\/\/www.ifbaiano.edu.br\/unidades\/valenca\/?p=1292"},"modified":"2012-02-07T12:52:45","modified_gmt":"2012-02-07T12:52:45","slug":"alunos-do-if-baiano-%e2%80%93-campus-valenca-visitam-projetos-ambientais","status":"publish","type":"post","link":"https:\/\/www.ifbaiano.edu.br\/unidades\/valenca\/2012\/01\/27\/alunos-do-if-baiano-%e2%80%93-campus-valenca-visitam-projetos-ambientais\/","title":{"rendered":"Alunos do IF Baiano \u2013 Campus Valen\u00e7a visitam Projetos Ambientais"},"content":{"rendered":"<p>No \u00faltimo dia 23 de janeiro de 2012, os alunos <strong>do Curso T\u00e9cnico em Meio Ambiente<\/strong> do campus Valen\u00e7a realizaram visita t\u00e9cnica ao <strong>Parque Sau\u00edpe e o ProjetoTAMAR<\/strong>, como parte das atividades da disciplina de Educa\u00e7\u00e3o Ambiental ministrada pela Professora Elielma Fernandes.<\/p>\n<p>O Parque Sau\u00edpe est\u00e1 localizado em Mata de S\u00e3o Jo\u00e3o e \u00e9 refer\u00eancia h\u00e1 mais de 10 anos em trabalhos de Educa\u00e7\u00e3o Ambiental. No Parque os alunos conheceram o 1\u00ba Museu de Hist\u00f3ria Natural da Bahia, com diversas esp\u00e9cies de animais; e o Museu de Arqueologia do Parque.<\/p>\n<p>No Projeto TAMAR, outra refer\u00eancia nacional em trabalhos de prote\u00e7\u00e3o e conserva\u00e7\u00e3o da vida marinha e de educa\u00e7\u00e3o ambiental, localizado na Praia do Forte, os alunos tiveram a oportunidade de conhecer o funcionamento e os trabalhos desenvolvidos pelo projeto; esp\u00e9cies de tartarugas marinhas, tubar\u00f5es, raia, peixes, moluscos e equinodermatas mantidos nos tanques abertos a visita\u00e7\u00e3o.<\/p>\n","protected":false},"excerpt":{"rendered":"<p>No \u00faltimo dia 23 de janeiro de 2012, os alunos do Curso T\u00e9cnico em Meio Ambiente do campus Valen\u00e7a realizaram visita t\u00e9cnica ao Parque Sau\u00edpe e o ProjetoTAMAR, como parte das atividades da disciplina de Educa\u00e7\u00e3o Ambiental ministrada pela Professora Elielma Fernandes. O Parque Sau\u00edpe est\u00e1 localizado em Mata de S\u00e3o Jo\u00e3o e \u00e9 refer\u00eancia [&hellip;]<\/p>\n","protected":false},"author":6,"featured_media":0,"comment_status":"open","ping_status":"open","sticky":false,"template":"","format":"standard","meta":[],"categories":[1],"tags":[],"_links":{"self":[{"href":"https:\/\/www.ifbaiano.edu.br\/unidades\/valenca\/wp-json\/wp\/v2\/posts\/1292"}],"collection":[{"href":"https:\/\/www.ifbaiano.edu.br\/unidades\/valenca\/wp-json\/wp\/v2\/posts"}],"about":[{"href":"https:\/\/www.ifbaiano.edu.br\/unidades\/valenca\/wp-json\/wp\/v2\/types\/post"}],"author":[{"embeddable":true,"href":"https:\/\/www.ifbaiano.edu.br\/unidades\/valenca\/wp-json\/wp\/v2\/users\/6"}],"replies":[{"embeddable":true,"href":"https:\/\/www.ifbaiano.edu.br\/unidades\/valenca\/wp-json\/wp\/v2\/comments?post=1292"}],"version-history":[{"count":5,"href":"https:\/\/www.ifbaiano.edu.br\/unidades\/valenca\/wp-json\/wp\/v2\/posts\/1292\/revisions"}],"predecessor-version":[{"id":1369,"href":"https:\/\/www.ifbaiano.edu.br\/unidades\/valenca\/wp-json\/wp\/v2\/posts\/1292\/revisions\/1369"}],"wp:attachment":[{"href":"https:\/\/www.ifbaiano.edu.br\/unidades\/valenca\/wp-json\/wp\/v2\/media?parent=1292"}],"wp:term":[{"taxonomy":"category","embeddable":true,"href":"https:\/\/www.ifbaiano.edu.br\/unidades\/valenca\/wp-json\/wp\/v2\/categories?post=1292"},{"taxonomy":"post_tag","embeddable":true,"href":"https:\/\/www.ifbaiano.edu.br\/unidades\/valenca\/wp-json\/wp\/v2\/tags?post=1292"}],"curies":[{"name":"wp","href":"https:\/\/api.w.org\/{rel}","templated":true}]}}