{"id":1300,"date":"2012-01-27T14:57:35","date_gmt":"2012-01-27T14:57:35","guid":{"rendered":"http:\/\/www.ifbaiano.edu.br\/unidades\/valenca\/?p=1300"},"modified":"2012-02-07T12:52:45","modified_gmt":"2012-02-07T12:52:45","slug":"capes-abre-edital-no-ambito-do-programa-de-apoio-a-eventos-no-pais","status":"publish","type":"post","link":"https:\/\/www.ifbaiano.edu.br\/unidades\/valenca\/2012\/01\/27\/capes-abre-edital-no-ambito-do-programa-de-apoio-a-eventos-no-pais\/","title":{"rendered":"CAPES abre edital no \u00e2mbito do Programa de Apoio a Eventos no Pa\u00eds"},"content":{"rendered":"<p style=\"text-align: left\" align=\"center\">A Funda\u00e7\u00e3o Coordena\u00e7\u00e3o de Aperfei\u00e7oamento de Pessoal de N\u00edvel Superior &#8211; CAPES &#8211;\u00a0torna p\u00fablico e convoca interessados a apresentarem propostas de projetos de eventos cient\u00edficos, tecnol\u00f3gicos, culturais e da educa\u00e7\u00e3o b\u00e1sica, no \u00e2mbito do Programa de Apoio a Eventos no Pa\u00eds &#8211; PAEP.<\/p>\n<p style=\"text-align: left\" align=\"center\">Confira <a title=\"Edital\" href=\"http:\/\/www.capes.gov.br\/servicos\/sala-de-imprensa\/36-noticias\/5175-paep-divulga-edital-2012-com-mudancas-nos-prazos-para-submissao-de-propostas\" target=\"_blank\">Edital<\/a>.<\/p>\n","protected":false},"excerpt":{"rendered":"<p>A Funda\u00e7\u00e3o Coordena\u00e7\u00e3o de Aperfei\u00e7oamento de Pessoal de N\u00edvel Superior &#8211; CAPES &#8211;\u00a0torna p\u00fablico e convoca interessados a apresentarem propostas de projetos de eventos cient\u00edficos, tecnol\u00f3gicos, culturais e da educa\u00e7\u00e3o b\u00e1sica, no \u00e2mbito do Programa de Apoio a Eventos no Pa\u00eds &#8211; PAEP. Confira Edital.<\/p>\n","protected":false},"author":6,"featured_media":0,"comment_status":"open","ping_status":"open","sticky":false,"template":"","format":"standard","meta":[],"categories":[33],"tags":[],"_links":{"self":[{"href":"https:\/\/www.ifbaiano.edu.br\/unidades\/valenca\/wp-json\/wp\/v2\/posts\/1300"}],"collection":[{"href":"https:\/\/www.ifbaiano.edu.br\/unidades\/valenca\/wp-json\/wp\/v2\/posts"}],"about":[{"href":"https:\/\/www.ifbaiano.edu.br\/unidades\/valenca\/wp-json\/wp\/v2\/types\/post"}],"author":[{"embeddable":true,"href":"https:\/\/www.ifbaiano.edu.br\/unidades\/valenca\/wp-json\/wp\/v2\/users\/6"}],"replies":[{"embeddable":true,"href":"https:\/\/www.ifbaiano.edu.br\/unidades\/valenca\/wp-json\/wp\/v2\/comments?post=1300"}],"version-history":[{"count":6,"href":"https:\/\/www.ifbaiano.edu.br\/unidades\/valenca\/wp-json\/wp\/v2\/posts\/1300\/revisions"}],"predecessor-version":[{"id":1368,"href":"https:\/\/www.ifbaiano.edu.br\/unidades\/valenca\/wp-json\/wp\/v2\/posts\/1300\/revisions\/1368"}],"wp:attachment":[{"href":"https:\/\/www.ifbaiano.edu.br\/unidades\/valenca\/wp-json\/wp\/v2\/media?parent=1300"}],"wp:term":[{"taxonomy":"category","embeddable":true,"href":"https:\/\/www.ifbaiano.edu.br\/unidades\/valenca\/wp-json\/wp\/v2\/categories?post=1300"},{"taxonomy":"post_tag","embeddable":true,"href":"https:\/\/www.ifbaiano.edu.br\/unidades\/valenca\/wp-json\/wp\/v2\/tags?post=1300"}],"curies":[{"name":"wp","href":"https:\/\/api.w.org\/{rel}","templated":true}]}}