{"id":1310,"date":"2012-01-30T15:53:47","date_gmt":"2012-01-30T15:53:47","guid":{"rendered":"http:\/\/www.ifbaiano.edu.br\/unidades\/valenca\/?p=1310"},"modified":"2012-02-07T12:52:45","modified_gmt":"2012-02-07T12:52:45","slug":"oficina-promovida-pelo-if-baiano-campus-valenca-revive-os-grandes-festivais","status":"publish","type":"post","link":"https:\/\/www.ifbaiano.edu.br\/unidades\/valenca\/2012\/01\/30\/oficina-promovida-pelo-if-baiano-campus-valenca-revive-os-grandes-festivais\/","title":{"rendered":"Oficina sobre Ditadura Militar revive os Grandes Festivais"},"content":{"rendered":"<p>Ap\u00f3s cinco dias dialogando e refletindo sobre o per\u00edodo de ditadura militar no Brasil (de 23\/01 a 27\/01), a Oficina Desse luto nasce a luta: poder e resist\u00eancia durante a Ditadura no Brasil encerrou em grande estilo levando os alunos a (re)viverem os Grandes Festivais da \u00e9poca.<\/p>\n<p>Organizada pelos professores de Geografia e Hist\u00f3ria do campus \u2013 Anderson Epifania e Fabiane Andrade \u2013 e os alunos do 3\u00aa terceira S\u00e9rie do Ensino M\u00e9dio, a Oficina contou com a participa\u00e7\u00e3o dos Professores Dislene Cardoso, Gilson Antunes, Cleber de Jesus, Jos\u00e9 de Lira, Geovane Guimar\u00e3es que dialogaram com os estudantes sobre a participa\u00e7\u00e3o dos movimentos estudantis, a arte e a cultura como forma de resist\u00eancia.<\/p>\n<p>Os estudantes que participaram da Oficina avaliaram \u201ca semana como construtiva para alunos e professores e que n\u00e3o deveria parar por aqui\u201d (Erick \u2013 aluno do 3\u00ba ano); Para Thiago (aluno do 3\u00ba ano) \u201ca atividade \u00e9 muito importante para a forma\u00e7\u00e3o de cidad\u00e3os cr\u00edticos e participativos\u201d.<\/p>\n","protected":false},"excerpt":{"rendered":"<p>Ap\u00f3s cinco dias dialogando e refletindo sobre o per\u00edodo de ditadura militar no Brasil (de 23\/01 a 27\/01), a Oficina Desse luto nasce a luta: poder e resist\u00eancia durante a Ditadura no Brasil encerrou em grande estilo levando os alunos a (re)viverem os Grandes Festivais da \u00e9poca. Organizada pelos professores de Geografia e Hist\u00f3ria do [&hellip;]<\/p>\n","protected":false},"author":6,"featured_media":0,"comment_status":"open","ping_status":"open","sticky":false,"template":"","format":"standard","meta":[],"categories":[34],"tags":[],"_links":{"self":[{"href":"https:\/\/www.ifbaiano.edu.br\/unidades\/valenca\/wp-json\/wp\/v2\/posts\/1310"}],"collection":[{"href":"https:\/\/www.ifbaiano.edu.br\/unidades\/valenca\/wp-json\/wp\/v2\/posts"}],"about":[{"href":"https:\/\/www.ifbaiano.edu.br\/unidades\/valenca\/wp-json\/wp\/v2\/types\/post"}],"author":[{"embeddable":true,"href":"https:\/\/www.ifbaiano.edu.br\/unidades\/valenca\/wp-json\/wp\/v2\/users\/6"}],"replies":[{"embeddable":true,"href":"https:\/\/www.ifbaiano.edu.br\/unidades\/valenca\/wp-json\/wp\/v2\/comments?post=1310"}],"version-history":[{"count":4,"href":"https:\/\/www.ifbaiano.edu.br\/unidades\/valenca\/wp-json\/wp\/v2\/posts\/1310\/revisions"}],"predecessor-version":[{"id":1367,"href":"https:\/\/www.ifbaiano.edu.br\/unidades\/valenca\/wp-json\/wp\/v2\/posts\/1310\/revisions\/1367"}],"wp:attachment":[{"href":"https:\/\/www.ifbaiano.edu.br\/unidades\/valenca\/wp-json\/wp\/v2\/media?parent=1310"}],"wp:term":[{"taxonomy":"category","embeddable":true,"href":"https:\/\/www.ifbaiano.edu.br\/unidades\/valenca\/wp-json\/wp\/v2\/categories?post=1310"},{"taxonomy":"post_tag","embeddable":true,"href":"https:\/\/www.ifbaiano.edu.br\/unidades\/valenca\/wp-json\/wp\/v2\/tags?post=1310"}],"curies":[{"name":"wp","href":"https:\/\/api.w.org\/{rel}","templated":true}]}}