{"id":1317,"date":"2012-02-06T16:25:27","date_gmt":"2012-02-06T16:25:27","guid":{"rendered":"http:\/\/www.ifbaiano.edu.br\/unidades\/valenca\/?p=1317"},"modified":"2012-02-29T21:54:16","modified_gmt":"2012-02-29T21:54:16","slug":"resultado-do-processo-seletivo-2012-para-ingresso-de-estudantes","status":"publish","type":"post","link":"https:\/\/www.ifbaiano.edu.br\/unidades\/valenca\/2012\/02\/06\/resultado-do-processo-seletivo-2012-para-ingresso-de-estudantes\/","title":{"rendered":"Resultado do Processo Seletivo 2012 para ingresso de estudantes"},"content":{"rendered":"<div>\n<p>O IF Baiano divulgou o resultado do Processo Seletivo 2012 para Estudantes nesta sexta (3). A lista de aprovados pode ser acessada pelo link <a title=\"http:\/\/www.ifbaiano.edu.br\/concursos\/portal\/discente2012\/\" href=\"http:\/\/www.ifbaiano.edu.br\/concursos\/portal\/discente2012\/\" target=\"_blank\">http:\/\/www.ifbaiano.edu.br\/concursos\/portal\/discente2012\/<\/a>. A matr\u00edcula ocorre conforme cronograma de cada <em>c\u00e2mpus <\/em>do Instituto. Dessa forma, os estudantes devem procurar a unidade onde foram aprovados para efetiva\u00e7\u00e3o da matr\u00edcula.<\/p>\n<\/div>\n<p>&nbsp;<\/p>\n","protected":false},"excerpt":{"rendered":"<p>O IF Baiano divulgou o resultado do Processo Seletivo 2012 para Estudantes nesta sexta (3). A lista de aprovados pode ser acessada pelo link http:\/\/www.ifbaiano.edu.br\/concursos\/portal\/discente2012\/. A matr\u00edcula ocorre conforme cronograma de cada c\u00e2mpus do Instituto. Dessa forma, os estudantes devem procurar a unidade onde foram aprovados para efetiva\u00e7\u00e3o da matr\u00edcula. &nbsp;<\/p>\n","protected":false},"author":6,"featured_media":0,"comment_status":"open","ping_status":"open","sticky":false,"template":"","format":"standard","meta":[],"categories":[13,5,9],"tags":[],"_links":{"self":[{"href":"https:\/\/www.ifbaiano.edu.br\/unidades\/valenca\/wp-json\/wp\/v2\/posts\/1317"}],"collection":[{"href":"https:\/\/www.ifbaiano.edu.br\/unidades\/valenca\/wp-json\/wp\/v2\/posts"}],"about":[{"href":"https:\/\/www.ifbaiano.edu.br\/unidades\/valenca\/wp-json\/wp\/v2\/types\/post"}],"author":[{"embeddable":true,"href":"https:\/\/www.ifbaiano.edu.br\/unidades\/valenca\/wp-json\/wp\/v2\/users\/6"}],"replies":[{"embeddable":true,"href":"https:\/\/www.ifbaiano.edu.br\/unidades\/valenca\/wp-json\/wp\/v2\/comments?post=1317"}],"version-history":[{"count":7,"href":"https:\/\/www.ifbaiano.edu.br\/unidades\/valenca\/wp-json\/wp\/v2\/posts\/1317\/revisions"}],"predecessor-version":[{"id":1459,"href":"https:\/\/www.ifbaiano.edu.br\/unidades\/valenca\/wp-json\/wp\/v2\/posts\/1317\/revisions\/1459"}],"wp:attachment":[{"href":"https:\/\/www.ifbaiano.edu.br\/unidades\/valenca\/wp-json\/wp\/v2\/media?parent=1317"}],"wp:term":[{"taxonomy":"category","embeddable":true,"href":"https:\/\/www.ifbaiano.edu.br\/unidades\/valenca\/wp-json\/wp\/v2\/categories?post=1317"},{"taxonomy":"post_tag","embeddable":true,"href":"https:\/\/www.ifbaiano.edu.br\/unidades\/valenca\/wp-json\/wp\/v2\/tags?post=1317"}],"curies":[{"name":"wp","href":"https:\/\/api.w.org\/{rel}","templated":true}]}}