{"id":1335,"date":"2012-02-06T16:47:59","date_gmt":"2012-02-06T16:47:59","guid":{"rendered":"http:\/\/www.ifbaiano.edu.br\/unidades\/valenca\/?p=1335"},"modified":"2012-02-29T21:54:07","modified_gmt":"2012-02-29T21:54:07","slug":"alunos-do-campus-valenca-aprovados-em-vestibulares","status":"publish","type":"post","link":"https:\/\/www.ifbaiano.edu.br\/unidades\/valenca\/2012\/02\/06\/alunos-do-campus-valenca-aprovados-em-vestibulares\/","title":{"rendered":"Alunos do Campus Valen\u00e7a aprovados em Vestibulares"},"content":{"rendered":"<table width=\"463\" border=\"1\" cellspacing=\"0\" cellpadding=\"0\">\n<tbody>\n<tr>\n<td valign=\"top\" width=\"34\">\n<p align=\"center\">\u00a0<\/p>\n<\/td>\n<td valign=\"top\" width=\"177\">\n<p align=\"center\"><strong>Nome<\/strong><\/p>\n<\/td>\n<td valign=\"top\" width=\"108\">\n<p align=\"center\"><strong>Faculdade<\/strong><\/p>\n<\/td>\n<td valign=\"top\" width=\"144\"><strong>\u00a0\u00a0\u00a0\u00a0\u00a0\u00a0\u00a0\u00a0\u00a0\u00a0\u00a0 Curso<\/strong><\/td>\n<\/tr>\n<tr>\n<td valign=\"top\" width=\"34\">01<\/td>\n<td valign=\"top\" width=\"177\">Bruna Thaynan S. Santana<\/td>\n<td valign=\"top\" width=\"108\">\n<p align=\"center\">UCSAL<\/p>\n<\/td>\n<td valign=\"top\" width=\"144\">\n<p align=\"center\">Direito<\/p>\n<\/td>\n<\/tr>\n<tr>\n<td valign=\"top\" width=\"34\">02<\/td>\n<td valign=\"top\" width=\"177\">Ca\u00edque Ara\u00fajo Sousa Higino<\/td>\n<td valign=\"top\" width=\"108\">\n<p align=\"center\">UFRB<\/p>\n<\/td>\n<td valign=\"top\" width=\"144\">\n<p align=\"center\">Engenharia Civil<\/p>\n<\/td>\n<\/tr>\n<tr>\n<td valign=\"top\" width=\"34\">03<\/td>\n<td valign=\"top\" width=\"177\">Daniela Islan Santos Trindade<\/td>\n<td valign=\"top\" width=\"108\">\n<p align=\"center\">FAZAG<\/p>\n<\/td>\n<td valign=\"top\" width=\"144\">\n<p align=\"center\">Fisioterapia<\/p>\n<\/td>\n<\/tr>\n<tr>\n<td valign=\"top\" width=\"34\">04<\/td>\n<td valign=\"top\" width=\"177\">Gabrielle dos Anjos Comportt<\/td>\n<td valign=\"top\" width=\"108\">\n<p align=\"center\">UFBA<\/p>\n<\/td>\n<td valign=\"top\" width=\"144\">\n<p align=\"center\">Gastronomia<\/p>\n<\/td>\n<\/tr>\n<tr>\n<td valign=\"top\" width=\"34\">05<\/td>\n<td valign=\"top\" width=\"177\">Keila Rayany Pereira Silva<\/td>\n<td valign=\"top\" width=\"108\">\n<p align=\"center\">UFBA<\/p>\n<\/td>\n<td valign=\"top\" width=\"144\">\n<p align=\"center\">Letras Vern\u00e1culas<\/p>\n<\/td>\n<\/tr>\n<tr>\n<td valign=\"top\" width=\"34\">06<\/td>\n<td valign=\"top\" width=\"177\">Layla Santos Ribeiro<\/td>\n<td valign=\"top\" width=\"108\">\n<p align=\"center\">UNEB<\/p>\n<\/td>\n<td valign=\"top\" width=\"144\">\n<p align=\"center\">Hist\u00f3ria<\/p>\n<\/td>\n<\/tr>\n<tr>\n<td valign=\"top\" width=\"34\">07<\/td>\n<td valign=\"top\" width=\"177\">Leila Carina O. M. dos Santos<\/td>\n<td valign=\"top\" width=\"108\">\n<p align=\"center\">UFRB<\/p>\n<\/td>\n<td valign=\"top\" width=\"144\">\n<p align=\"center\">Biologia<\/p>\n<\/td>\n<\/tr>\n<tr>\n<td valign=\"top\" width=\"34\">08<\/td>\n<td valign=\"top\" width=\"177\">Maciele do E. S. dos Santos<\/td>\n<td valign=\"top\" width=\"108\">\n<p align=\"center\">UFRB e UFBA<\/p>\n<\/td>\n<td valign=\"top\" width=\"144\">\n<p align=\"center\">Qu\u00edmica Industrial<\/p>\n<\/td>\n<\/tr>\n<tr>\n<td valign=\"top\" width=\"34\">09<\/td>\n<td valign=\"top\" width=\"177\">Matheus Cunha Santos<\/td>\n<td valign=\"top\" width=\"108\">\n<p align=\"center\">UFBA<\/p>\n<p align=\"center\">\u00a0<\/p>\n<p align=\"center\">UFRB<\/p>\n<\/td>\n<td valign=\"top\" width=\"144\">\n<p align=\"center\">Gest\u00e3o P\u00fablica e Gest\u00e3o Social<\/p>\n<p align=\"center\">Engenharia de Pesca<\/p>\n<\/td>\n<\/tr>\n<tr>\n<td valign=\"top\" width=\"34\">10<\/td>\n<td valign=\"top\" width=\"177\">Priscila Pereira da Silva<\/td>\n<td valign=\"top\" width=\"108\">\n<p align=\"center\">UNEB<\/p>\n<\/td>\n<td valign=\"top\" width=\"144\">\n<p align=\"center\">Pedagogia<\/p>\n<\/td>\n<\/tr>\n<tr>\n<td valign=\"top\" width=\"34\">11<\/td>\n<td valign=\"top\" width=\"177\">Sabrina dos Santos Ferreira<\/td>\n<td valign=\"top\" width=\"108\">\n<p align=\"center\">UFRB<\/p>\n<\/td>\n<td valign=\"top\" width=\"144\">\n<p align=\"center\">Qu\u00edmica<\/p>\n<\/td>\n<\/tr>\n<tr>\n<td valign=\"top\" width=\"34\">12<\/td>\n<td valign=\"top\" width=\"177\">Witalo Mendes Santos<\/td>\n<td valign=\"top\" width=\"108\">\n<p align=\"center\">UNILA<\/p>\n<\/td>\n<td valign=\"top\" width=\"144\">\n<p align=\"center\">Desenvolvimento Agr\u00e1rio e Seguran\u00e7a Alimentar<\/p>\n<\/td>\n<\/tr>\n<\/tbody>\n<\/table>\n","protected":false},"excerpt":{"rendered":"<p>\u00a0 Nome Faculdade \u00a0\u00a0\u00a0\u00a0\u00a0\u00a0\u00a0\u00a0\u00a0\u00a0\u00a0 Curso 01 Bruna Thaynan S. Santana UCSAL Direito 02 Ca\u00edque Ara\u00fajo Sousa Higino UFRB Engenharia Civil 03 Daniela Islan Santos Trindade FAZAG Fisioterapia 04 Gabrielle dos Anjos Comportt UFBA Gastronomia 05 Keila Rayany Pereira Silva UFBA Letras Vern\u00e1culas 06 Layla Santos Ribeiro UNEB Hist\u00f3ria 07 Leila Carina O. M. dos Santos [&hellip;]<\/p>\n","protected":false},"author":6,"featured_media":0,"comment_status":"open","ping_status":"open","sticky":false,"template":"","format":"standard","meta":[],"categories":[4],"tags":[],"_links":{"self":[{"href":"https:\/\/www.ifbaiano.edu.br\/unidades\/valenca\/wp-json\/wp\/v2\/posts\/1335"}],"collection":[{"href":"https:\/\/www.ifbaiano.edu.br\/unidades\/valenca\/wp-json\/wp\/v2\/posts"}],"about":[{"href":"https:\/\/www.ifbaiano.edu.br\/unidades\/valenca\/wp-json\/wp\/v2\/types\/post"}],"author":[{"embeddable":true,"href":"https:\/\/www.ifbaiano.edu.br\/unidades\/valenca\/wp-json\/wp\/v2\/users\/6"}],"replies":[{"embeddable":true,"href":"https:\/\/www.ifbaiano.edu.br\/unidades\/valenca\/wp-json\/wp\/v2\/comments?post=1335"}],"version-history":[{"count":5,"href":"https:\/\/www.ifbaiano.edu.br\/unidades\/valenca\/wp-json\/wp\/v2\/posts\/1335\/revisions"}],"predecessor-version":[{"id":1458,"href":"https:\/\/www.ifbaiano.edu.br\/unidades\/valenca\/wp-json\/wp\/v2\/posts\/1335\/revisions\/1458"}],"wp:attachment":[{"href":"https:\/\/www.ifbaiano.edu.br\/unidades\/valenca\/wp-json\/wp\/v2\/media?parent=1335"}],"wp:term":[{"taxonomy":"category","embeddable":true,"href":"https:\/\/www.ifbaiano.edu.br\/unidades\/valenca\/wp-json\/wp\/v2\/categories?post=1335"},{"taxonomy":"post_tag","embeddable":true,"href":"https:\/\/www.ifbaiano.edu.br\/unidades\/valenca\/wp-json\/wp\/v2\/tags?post=1335"}],"curies":[{"name":"wp","href":"https:\/\/api.w.org\/{rel}","templated":true}]}}