{"id":1340,"date":"2012-02-07T12:46:50","date_gmt":"2012-02-07T12:46:50","guid":{"rendered":"http:\/\/www.ifbaiano.edu.br\/unidades\/valenca\/?p=1340"},"modified":"2012-02-23T16:13:48","modified_gmt":"2012-02-23T16:13:48","slug":"matricula-dos-aprovados-no-processo-seletivo-if-baiano-2012-sera-de-14-a-16-de-fevereiro","status":"publish","type":"post","link":"https:\/\/www.ifbaiano.edu.br\/unidades\/valenca\/2012\/02\/07\/matricula-dos-aprovados-no-processo-seletivo-if-baiano-2012-sera-de-14-a-16-de-fevereiro\/","title":{"rendered":"Matr\u00edcula dos aprovados no Processo seletivo IF Baiano 2012 ser\u00e1 de 14 a 16 de fevereiro"},"content":{"rendered":"<p>Estar\u00e1 aberto entre os dias <strong>14 a<\/strong><strong> 16 de fevereiro o<\/strong> per\u00edodo de matr\u00edcula para os candidatos aprovados no PROCESSO SELETIVO UNIFICADO 2012 DO IF BAIANO para Cursos da Educa\u00e7\u00e3o Profissional T\u00e9cnica de N\u00edvel M\u00e9dio nas formas Integrada e Subseq\u00fcente do <em>campus <\/em>Valen\u00e7a,conforme lista divulgada pelo IF Baiano no site <a href=\"http:\/\/concursos.ifbaiano.edu.br\/\">http:\/\/concursos.ifbaiano.edu.br\/<\/a>.<\/p>\n<p><strong>Os e\/ou respons\u00e1veis devem comparecer nesse per\u00edodo no FBAIANO \u2013 CAMPUS VALEN\u00c7A \u2013 Rua Glic\u00e9rio Tavares s\/n \u2013 Bairro Bate Quente,\u00a0 no SETOR: SRA \u2013 Secretaria de Registros Acad\u00eamicos. das 7h30min \u00e0s 11h e das 13h30min \u00e0s 17h horas<\/strong>, munido das seguintes <strong>documenta\u00e7\u00e3o:<\/strong><\/p>\n<p>a) Documento comprobat\u00f3rio de regularidade com o Servi\u00e7o Militar, para os alunos a partir de 18 (dezoito) anos do sexo masculino;<\/p>\n<p>b) T\u00edtulo de Eleitor e comprovante de quita\u00e7\u00e3o com a Justi\u00e7a Eleitoral, para maiores de 18 anos;<\/p>\n<p>c) Cadastro de Pessoa F\u00edsica \u2013 CPF;<\/p>\n<p>d) Carteira de identidade;<\/p>\n<p>e) Certid\u00e3o de Nascimento ou Casamento;<\/p>\n<p>f) Certificado de conclus\u00e3o ou Atestado de Conclus\u00e3o do ensino fundamental para os aprovados nos cursos Integrados ou do ensino m\u00e9dio para os aprovados nos cursos Subsequentes, emitidos por Institui\u00e7\u00e3o Oficial de Ensino;<\/p>\n<p>g) Hist\u00f3rico Escolar do Ensino Fundamental emitido por Institui\u00e7\u00e3o Oficial de Ensino para os alunos aprovados nos cursos na forma Integrada;<\/p>\n<p>h) Hist\u00f3rico Escolar do Ensino M\u00e9dio emitido por Institui\u00e7\u00e3o Oficial de Ensino para os alunos aprovados nos cursos na forma Subsequente;<\/p>\n<p>i) Question\u00e1rio do perfil do Ingresso fornecido pela SRA, devidamente preenchido;<\/p>\n<p>j) Ficha de Cadastro do Estudante fornecida pela SRA, devidamente preenchida;<\/p>\n<p>k) Certifica\u00e7\u00e3o de Conclus\u00e3o do Ensino M\u00e9dio com base nas notas do Exame Nacional do Ensino M\u00e9dio \u2013 ENEM, se for o caso;<\/p>\n<p>l) 08 (oito) fotos 3&#215;4 iguais, coloridas e recentes;<\/p>\n<p>&nbsp;<\/p>\n<p>&#8211; Os documentos mencionados nos itens a, b, c, d, e, f, ser\u00e3o autenticados por servidor do IF Baiano, \u00e0 vista dos originais, no ato da apresenta\u00e7\u00e3o.<\/p>\n<p>\u00a0&#8211; Os documentos mencionados nos itens a, b, c, d, e, f, ser\u00e3o autenticados por servidor do IF Baiano, \u00e0 vista dos originais, no ato da apresenta\u00e7\u00e3o.<\/p>\n<p>&#8211; O estudante que no ato da matr\u00edcula apresentar apenas Atestado de Conclus\u00e3o (Ensino Fundamental ou Ensino M\u00e9dio, de acordo com as exig\u00eancias de Escolaridade), ou Certificado de Conclus\u00e3o de Curso, ficar\u00e1 a matr\u00edcula condicionada \u00e0 apresenta\u00e7\u00e3o do Hist\u00f3rico Escolar, no prazo de 60 dias \u00fateis, exceto quando apresentada a Certifica\u00e7\u00e3o de Conclus\u00e3o do Ensino M\u00e9dio com base nas notas do Exame Nacional do Ensino M\u00e9dio (ENEM).<\/p>\n<p>&#8211; Quando a matr\u00edcula for realizada por procurador, al\u00e9m da procura\u00e7\u00e3o, passada pelo candidato aprovado, se maior de idade, ou pelo seu respons\u00e1vel legal, se menor de idade, este dever\u00e1 apresentar o documento de identidade do procurador e a c\u00f3pia autenticada do documento de identidade do candidato aprovado e classificado.<\/p>\n<p><strong><\/strong>\u00a0<\/p>\n<p><strong>Confira outras orienta\u00e7\u00f5es no <a href=\"http:\/\/www.ifbaiano.edu.br\/unidades\/valenca\/files\/2012\/02\/Edital_de_matricula_20121.pdf\">EDITAL DE MATR\u00cdCULA N\u00ba. 01\/2012<\/a><\/strong><\/p>\n","protected":false},"excerpt":{"rendered":"<p>Estar\u00e1 aberto entre os dias 14 a 16 de fevereiro o per\u00edodo de matr\u00edcula para os candidatos aprovados no PROCESSO SELETIVO UNIFICADO 2012 DO IF BAIANO para Cursos da Educa\u00e7\u00e3o Profissional T\u00e9cnica de N\u00edvel M\u00e9dio nas formas Integrada e Subseq\u00fcente do campus Valen\u00e7a,conforme lista divulgada pelo IF Baiano no site http:\/\/concursos.ifbaiano.edu.br\/. Os e\/ou respons\u00e1veis devem [&hellip;]<\/p>\n","protected":false},"author":6,"featured_media":0,"comment_status":"open","ping_status":"open","sticky":false,"template":"","format":"standard","meta":[],"categories":[13,5,9],"tags":[],"_links":{"self":[{"href":"https:\/\/www.ifbaiano.edu.br\/unidades\/valenca\/wp-json\/wp\/v2\/posts\/1340"}],"collection":[{"href":"https:\/\/www.ifbaiano.edu.br\/unidades\/valenca\/wp-json\/wp\/v2\/posts"}],"about":[{"href":"https:\/\/www.ifbaiano.edu.br\/unidades\/valenca\/wp-json\/wp\/v2\/types\/post"}],"author":[{"embeddable":true,"href":"https:\/\/www.ifbaiano.edu.br\/unidades\/valenca\/wp-json\/wp\/v2\/users\/6"}],"replies":[{"embeddable":true,"href":"https:\/\/www.ifbaiano.edu.br\/unidades\/valenca\/wp-json\/wp\/v2\/comments?post=1340"}],"version-history":[{"count":7,"href":"https:\/\/www.ifbaiano.edu.br\/unidades\/valenca\/wp-json\/wp\/v2\/posts\/1340\/revisions"}],"predecessor-version":[{"id":1423,"href":"https:\/\/www.ifbaiano.edu.br\/unidades\/valenca\/wp-json\/wp\/v2\/posts\/1340\/revisions\/1423"}],"wp:attachment":[{"href":"https:\/\/www.ifbaiano.edu.br\/unidades\/valenca\/wp-json\/wp\/v2\/media?parent=1340"}],"wp:term":[{"taxonomy":"category","embeddable":true,"href":"https:\/\/www.ifbaiano.edu.br\/unidades\/valenca\/wp-json\/wp\/v2\/categories?post=1340"},{"taxonomy":"post_tag","embeddable":true,"href":"https:\/\/www.ifbaiano.edu.br\/unidades\/valenca\/wp-json\/wp\/v2\/tags?post=1340"}],"curies":[{"name":"wp","href":"https:\/\/api.w.org\/{rel}","templated":true}]}}