{"id":1388,"date":"2012-02-07T13:30:31","date_gmt":"2012-02-07T13:30:31","guid":{"rendered":"http:\/\/www.ifbaiano.edu.br\/unidades\/valenca\/?p=1388"},"modified":"2012-02-23T16:13:37","modified_gmt":"2012-02-23T16:13:37","slug":"programa-mulheres-mil-campus-valenca-recebe-visita-de-representante-canadense","status":"publish","type":"post","link":"https:\/\/www.ifbaiano.edu.br\/unidades\/valenca\/2012\/02\/07\/programa-mulheres-mil-campus-valenca-recebe-visita-de-representante-canadense\/","title":{"rendered":"Programa Mulheres Mil \u2013 Campus Valen\u00e7a recebe visita de representante canadense."},"content":{"rendered":"<p>No dia 02 de fevereiro de 2012, as alunas do Curso de Qualifica\u00e7\u00e3oem Economia Sociale Dom\u00e9stica, integrantes do Programa Mulheres Mil \/ sub-projeto Valencianas Mil, receberam a visita da canadense Sope Grace da University of New Hampshire, que est\u00e1 em visita ao Estado da Bahia para estudos de pesquisa com o programa supra-citado.<\/p>\n<p>Na oportunidade, Grace conheceu as instala\u00e7\u00f5es onde funciona o programa e conversou com as alunas sobre seus estudos e sua motiva\u00e7\u00e3o com o <em>Mulheres Mil<\/em>. Em reuni\u00e3o com as gestoras locais do programa no <em>campus, <\/em>Prof\u00aa Elielma Fernandes e Prof\u00aa Carla Nascimento, Grace obteve mais informa\u00e7\u00f5es sobre a constru\u00e7\u00e3o e funcionamento do curso, procedimento de ingresso das alunas e a matriz curricular.<\/p>\n<p>Desde o in\u00edcio do Curso, as alunas j\u00e1 tiveram aula de Pol\u00edtica e Democracia com o Prof\u00ba Fl\u00e1vio Assis; Educa\u00e7\u00e3o Dom\u00e9stica e Patrimonial com a Prof\u00aa \u00c9dla Barreto; Psicologia da Mulher e Rela\u00e7\u00f5es Interpessoais com o Assistente Social Marcelo Santos; \u00a0e Hist\u00f3ria e Direitos da Mulher com o Professor Paulo Barbosa.<\/p>\n<p><a href=\"http:\/\/www.ifbaiano.edu.br\/unidades\/valenca\/files\/2012\/02\/mulheres-mil.png\"><img decoding=\"async\" loading=\"lazy\" class=\"aligncenter size-full wp-image-1395\" src=\"http:\/\/www.ifbaiano.edu.br\/unidades\/valenca\/files\/2012\/02\/mulheres-mil.png\" alt=\"\" width=\"640\" height=\"480\" srcset=\"https:\/\/www.ifbaiano.edu.br\/unidades\/valenca\/files\/2012\/02\/mulheres-mil.png 640w, https:\/\/www.ifbaiano.edu.br\/unidades\/valenca\/files\/2012\/02\/mulheres-mil-300x225.png 300w, https:\/\/www.ifbaiano.edu.br\/unidades\/valenca\/files\/2012\/02\/mulheres-mil-400x300.png 400w\" sizes=\"(max-width: 640px) 100vw, 640px\" \/><\/a><\/p>\n","protected":false},"excerpt":{"rendered":"<p>No dia 02 de fevereiro de 2012, as alunas do Curso de Qualifica\u00e7\u00e3oem Economia Sociale Dom\u00e9stica, integrantes do Programa Mulheres Mil \/ sub-projeto Valencianas Mil, receberam a visita da canadense Sope Grace da University of New Hampshire, que est\u00e1 em visita ao Estado da Bahia para estudos de pesquisa com o programa supra-citado. Na oportunidade, [&hellip;]<\/p>\n","protected":false},"author":6,"featured_media":0,"comment_status":"open","ping_status":"open","sticky":false,"template":"","format":"standard","meta":[],"categories":[42],"tags":[],"_links":{"self":[{"href":"https:\/\/www.ifbaiano.edu.br\/unidades\/valenca\/wp-json\/wp\/v2\/posts\/1388"}],"collection":[{"href":"https:\/\/www.ifbaiano.edu.br\/unidades\/valenca\/wp-json\/wp\/v2\/posts"}],"about":[{"href":"https:\/\/www.ifbaiano.edu.br\/unidades\/valenca\/wp-json\/wp\/v2\/types\/post"}],"author":[{"embeddable":true,"href":"https:\/\/www.ifbaiano.edu.br\/unidades\/valenca\/wp-json\/wp\/v2\/users\/6"}],"replies":[{"embeddable":true,"href":"https:\/\/www.ifbaiano.edu.br\/unidades\/valenca\/wp-json\/wp\/v2\/comments?post=1388"}],"version-history":[{"count":8,"href":"https:\/\/www.ifbaiano.edu.br\/unidades\/valenca\/wp-json\/wp\/v2\/posts\/1388\/revisions"}],"predecessor-version":[{"id":1422,"href":"https:\/\/www.ifbaiano.edu.br\/unidades\/valenca\/wp-json\/wp\/v2\/posts\/1388\/revisions\/1422"}],"wp:attachment":[{"href":"https:\/\/www.ifbaiano.edu.br\/unidades\/valenca\/wp-json\/wp\/v2\/media?parent=1388"}],"wp:term":[{"taxonomy":"category","embeddable":true,"href":"https:\/\/www.ifbaiano.edu.br\/unidades\/valenca\/wp-json\/wp\/v2\/categories?post=1388"},{"taxonomy":"post_tag","embeddable":true,"href":"https:\/\/www.ifbaiano.edu.br\/unidades\/valenca\/wp-json\/wp\/v2\/tags?post=1388"}],"curies":[{"name":"wp","href":"https:\/\/api.w.org\/{rel}","templated":true}]}}