{"id":1397,"date":"2012-02-08T16:17:03","date_gmt":"2012-02-08T16:17:03","guid":{"rendered":"http:\/\/www.ifbaiano.edu.br\/unidades\/valenca\/?p=1397"},"modified":"2012-02-29T22:08:25","modified_gmt":"2012-02-29T22:08:25","slug":"if-baiano-oferecera-cursos-de-ingles-na-modalidade-ead-para-seus-servidores","status":"publish","type":"post","link":"https:\/\/www.ifbaiano.edu.br\/unidades\/valenca\/2012\/02\/08\/if-baiano-oferecera-cursos-de-ingles-na-modalidade-ead-para-seus-servidores\/","title":{"rendered":"IF Baiano oferecer\u00e1 cursos de Ingl\u00eas na modalidade EaD para seus servidores"},"content":{"rendered":"<p>O IF Baiano vai oferecer curso de Ingl\u00eas na modalidade EaD para seus servidores. As inscri\u00e7\u00f5es come\u00e7am no dia 9 de fevereiro e podem ser realizadas at\u00e9 o dia 23. Os interessados devem mandar ficha preenchida, Termo de Compromisso e document\u00e7\u00e3o comprobat\u00f3ria para o e-mail: internacionalizacao@ifbaiano.edu.br.<\/p>\n<p>O Curso de Ingl\u00eas disp\u00f5e de 34 vagas para a Reitoria e 116 vagas para os campi do IF Baiano. Uma sele\u00e7\u00e3o ser\u00e1 feita apenas se o n\u00famero de inscritos for maior que a de vagas. Nesse caso, os crit\u00e9rios de desempate ser\u00e3o:<\/p>\n<p>\u2022\u00a0\u00a0\u00a0\u00a0\u00a0\u00a0\u00a0 \u00c1rea de atua\u00e7\u00e3o no Instituto;<br \/>\n\u2022\u00a0\u00a0\u00a0\u00a0\u00a0\u00a0\u00a0 Participar do desenvolvimento de pesquisa realizada em parceria com institui\u00e7\u00e3o ou \u00f3rg\u00e3o estrangeiro;<br \/>\n\u2022\u00a0\u00a0\u00a0\u00a0\u00a0\u00a0\u00a0 Participar de grupo de estudo, de pesquisa ou de extens\u00e3o em parceria com institui\u00e7\u00e3o ou \u00f3rg\u00e3o estrangeiro;<br \/>\n\u2022\u00a0\u00a0\u00a0\u00a0\u00a0\u00a0\u00a0 Desenvolver atividade relacionada \u00e0 \u00e1rea de Rela\u00e7\u00f5es Internacionais;<br \/>\n\u2022\u00a0\u00a0\u00a0\u00a0\u00a0\u00a0\u00a0 Tempo de Servi\u00e7o no Instituto;<br \/>\n\u2022\u00a0\u00a0\u00a0\u00a0\u00a0\u00a0\u00a0 Tipo de v\u00ednculo com o Instituto.<\/p>\n<p>Os resultados ser\u00e3o divulgados no site do instituto at\u00e9 o dia 27 de fevereiro.<\/p>\n<p>Clique\u00a0 <a title=\"http:\/\/www.ifbaiano.edu.br\/portal\/wp-content\/uploads\/2012\/02\/Chamada-interna-Curso-de-Ingles.doc\" href=\"http:\/\/www.ifbaiano.edu.br\/portal\/wp-content\/uploads\/2012\/02\/Chamada-interna-Curso-de-Ingles.doc\" target=\"_blank\">aqui<\/a> para acessar a Chamada Interna e os anexos para inscri\u00e7\u00e3o.<\/p>\n","protected":false},"excerpt":{"rendered":"<p>O IF Baiano vai oferecer curso de Ingl\u00eas na modalidade EaD para seus servidores. As inscri\u00e7\u00f5es come\u00e7am no dia 9 de fevereiro e podem ser realizadas at\u00e9 o dia 23. Os interessados devem mandar ficha preenchida, Termo de Compromisso e document\u00e7\u00e3o comprobat\u00f3ria para o e-mail: internacionalizacao@ifbaiano.edu.br. O Curso de Ingl\u00eas disp\u00f5e de 34 vagas para [&hellip;]<\/p>\n","protected":false},"author":6,"featured_media":0,"comment_status":"open","ping_status":"open","sticky":false,"template":"","format":"standard","meta":[],"categories":[30],"tags":[],"_links":{"self":[{"href":"https:\/\/www.ifbaiano.edu.br\/unidades\/valenca\/wp-json\/wp\/v2\/posts\/1397"}],"collection":[{"href":"https:\/\/www.ifbaiano.edu.br\/unidades\/valenca\/wp-json\/wp\/v2\/posts"}],"about":[{"href":"https:\/\/www.ifbaiano.edu.br\/unidades\/valenca\/wp-json\/wp\/v2\/types\/post"}],"author":[{"embeddable":true,"href":"https:\/\/www.ifbaiano.edu.br\/unidades\/valenca\/wp-json\/wp\/v2\/users\/6"}],"replies":[{"embeddable":true,"href":"https:\/\/www.ifbaiano.edu.br\/unidades\/valenca\/wp-json\/wp\/v2\/comments?post=1397"}],"version-history":[{"count":3,"href":"https:\/\/www.ifbaiano.edu.br\/unidades\/valenca\/wp-json\/wp\/v2\/posts\/1397\/revisions"}],"predecessor-version":[{"id":1463,"href":"https:\/\/www.ifbaiano.edu.br\/unidades\/valenca\/wp-json\/wp\/v2\/posts\/1397\/revisions\/1463"}],"wp:attachment":[{"href":"https:\/\/www.ifbaiano.edu.br\/unidades\/valenca\/wp-json\/wp\/v2\/media?parent=1397"}],"wp:term":[{"taxonomy":"category","embeddable":true,"href":"https:\/\/www.ifbaiano.edu.br\/unidades\/valenca\/wp-json\/wp\/v2\/categories?post=1397"},{"taxonomy":"post_tag","embeddable":true,"href":"https:\/\/www.ifbaiano.edu.br\/unidades\/valenca\/wp-json\/wp\/v2\/tags?post=1397"}],"curies":[{"name":"wp","href":"https:\/\/api.w.org\/{rel}","templated":true}]}}