{"id":1400,"date":"2012-02-08T16:36:07","date_gmt":"2012-02-08T16:36:07","guid":{"rendered":"http:\/\/www.ifbaiano.edu.br\/unidades\/valenca\/?p=1400"},"modified":"2012-02-23T16:13:23","modified_gmt":"2012-02-23T16:13:23","slug":"selecao-de-bolsistas-pronatec","status":"publish","type":"post","link":"https:\/\/www.ifbaiano.edu.br\/unidades\/valenca\/2012\/02\/08\/selecao-de-bolsistas-pronatec\/","title":{"rendered":"Sele\u00e7\u00e3o de Bolsistas PRONATEC"},"content":{"rendered":"<p>Acesse a Chamada Interna de Extens\u00e3o 001\/2012 pelo<a title=\" site do IF Bainao\" href=\"http:\/\/www.ifbaiano.edu.br\/portal\/?p=8320\"> site do IF Bainao<\/a><\/p>\n<p>Confira o <a href=\"http:\/\/www.ifbaiano.edu.br\/unidades\/valenca\/files\/2012\/02\/cartaz_chamada_publica_PDF1.pdf\">cartaz da <\/a><a href=\"http:\/\/www.ifbaiano.edu.br\/unidades\/valenca\/files\/2012\/02\/cartaz_chamada_publica_PDF1.pdf\">cartaz de divulga\u00e7\u00e3o<\/a>.<\/p>\n<p>&nbsp;<\/p>\n<p>&nbsp;<\/p>\n","protected":false},"excerpt":{"rendered":"<p>Acesse a Chamada Interna de Extens\u00e3o 001\/2012 pelo site do IF Bainao Confira o cartaz da cartaz de divulga\u00e7\u00e3o. &nbsp; &nbsp;<\/p>\n","protected":false},"author":6,"featured_media":0,"comment_status":"open","ping_status":"open","sticky":false,"template":"","format":"standard","meta":[],"categories":[26],"tags":[],"_links":{"self":[{"href":"https:\/\/www.ifbaiano.edu.br\/unidades\/valenca\/wp-json\/wp\/v2\/posts\/1400"}],"collection":[{"href":"https:\/\/www.ifbaiano.edu.br\/unidades\/valenca\/wp-json\/wp\/v2\/posts"}],"about":[{"href":"https:\/\/www.ifbaiano.edu.br\/unidades\/valenca\/wp-json\/wp\/v2\/types\/post"}],"author":[{"embeddable":true,"href":"https:\/\/www.ifbaiano.edu.br\/unidades\/valenca\/wp-json\/wp\/v2\/users\/6"}],"replies":[{"embeddable":true,"href":"https:\/\/www.ifbaiano.edu.br\/unidades\/valenca\/wp-json\/wp\/v2\/comments?post=1400"}],"version-history":[{"count":3,"href":"https:\/\/www.ifbaiano.edu.br\/unidades\/valenca\/wp-json\/wp\/v2\/posts\/1400\/revisions"}],"predecessor-version":[{"id":1421,"href":"https:\/\/www.ifbaiano.edu.br\/unidades\/valenca\/wp-json\/wp\/v2\/posts\/1400\/revisions\/1421"}],"wp:attachment":[{"href":"https:\/\/www.ifbaiano.edu.br\/unidades\/valenca\/wp-json\/wp\/v2\/media?parent=1400"}],"wp:term":[{"taxonomy":"category","embeddable":true,"href":"https:\/\/www.ifbaiano.edu.br\/unidades\/valenca\/wp-json\/wp\/v2\/categories?post=1400"},{"taxonomy":"post_tag","embeddable":true,"href":"https:\/\/www.ifbaiano.edu.br\/unidades\/valenca\/wp-json\/wp\/v2\/tags?post=1400"}],"curies":[{"name":"wp","href":"https:\/\/api.w.org\/{rel}","templated":true}]}}