{"id":1412,"date":"2012-02-13T11:59:18","date_gmt":"2012-02-13T11:59:18","guid":{"rendered":"http:\/\/www.ifbaiano.edu.br\/unidades\/valenca\/?p=1412"},"modified":"2012-02-13T12:05:12","modified_gmt":"2012-02-13T12:05:12","slug":"matricula-nos-cursos-tecnicos-subsequentes-na-modalidade-ead-foi-alterada-em-22-polos","status":"publish","type":"post","link":"https:\/\/www.ifbaiano.edu.br\/unidades\/valenca\/2012\/02\/13\/matricula-nos-cursos-tecnicos-subsequentes-na-modalidade-ead-foi-alterada-em-22-polos\/","title":{"rendered":"Matr\u00edcula nos Cursos T\u00e9cnicos Subsequentes na modalidade EaD foi alterada em 22 Polos"},"content":{"rendered":"<p style=\"text-align: left\" align=\"center\">Em virtude dos \u00faltimos acontecimentos decorrentes da Greve da Pol\u00edcia Militar no Estado da Bahia, informamos que a data de matr\u00edcula nos Cursos T\u00e9cnicos Subsequentes na modalidade a dist\u00e2ncia foi alterada em 22 (vinte e dois) Polos.<\/p>\n<p style=\"text-align: left\" align=\"center\"><strong>A Matr\u00edcula do Campus Valen\u00e7a foi alterada para o per\u00edodo de 23 a 24 de fevereiro de 2012.<\/strong><\/p>\n<p style=\"text-align: left\" align=\"center\">Confira abaixo a data em que deve realizar a matr\u00edcula no Polo de Apoio Presencial.<\/p>\n<table border=\"1\" cellspacing=\"0\" cellpadding=\"0\">\n<tbody>\n<tr>\n<td valign=\"top\" width=\"288\">\n<p align=\"center\"><strong>POLO<\/strong><\/p>\n<\/td>\n<td valign=\"top\" width=\"288\">\n<p align=\"center\"><strong>DATA DE MATR\u00cdCULA<\/strong><\/p>\n<\/td>\n<\/tr>\n<tr>\n<td valign=\"top\" width=\"288\">\n<p align=\"center\"><strong>ALAGOINHAS<\/strong><\/p>\n<\/td>\n<td valign=\"top\" width=\"288\">\n<p align=\"center\"><strong>23 e 24 de<br \/>\nfevereiro de 2012<\/strong><\/p>\n<\/td>\n<\/tr>\n<tr>\n<td valign=\"top\" width=\"288\">\n<p align=\"center\"><strong>CAMPO FORMOSO<\/strong><\/p>\n<\/td>\n<td valign=\"top\" width=\"288\">\n<p align=\"center\"><strong>23 e 24 de<br \/>\nfevereiro de 2012<\/strong><\/p>\n<\/td>\n<\/tr>\n<tr>\n<td valign=\"top\" width=\"288\">\n<p align=\"center\"><strong>CATU<\/strong><\/p>\n<\/td>\n<td valign=\"top\" width=\"288\">\n<p align=\"center\"><strong>23 e 24 de<br \/>\nfevereiro de 2012<\/strong><\/p>\n<\/td>\n<\/tr>\n<tr>\n<td valign=\"top\" width=\"288\">\n<p align=\"center\"><strong>CONCEI\u00c7\u00c3O DA FEIRA<\/strong><\/p>\n<\/td>\n<td valign=\"top\" width=\"288\">\n<p align=\"center\"><strong>23 e 24 de fevereiro<br \/>\nde 2012<\/strong><\/p>\n<\/td>\n<\/tr>\n<tr>\n<td valign=\"top\" width=\"288\">\n<p align=\"center\"><strong>GOVERNADOR MANGABEIRA<\/strong><\/p>\n<\/td>\n<td valign=\"top\" width=\"288\">\n<p align=\"center\"><strong>23 e 24 de<br \/>\nfevereiro de 2012<\/strong><\/p>\n<\/td>\n<\/tr>\n<tr>\n<td valign=\"top\" width=\"288\">\n<p align=\"center\"><strong>GUANAMBI<\/strong><\/p>\n<\/td>\n<td valign=\"top\" width=\"288\">\n<p align=\"center\"><strong>13 e 14 de fevereiro de 2012<\/strong><\/p>\n<\/td>\n<\/tr>\n<tr>\n<td valign=\"top\" width=\"288\">\n<p align=\"center\"><strong>IBIPITANGA<\/strong><\/p>\n<\/td>\n<td valign=\"top\" width=\"288\">\n<p align=\"center\"><strong>23 e 24 de<br \/>\nfevereiro de 2012<\/strong><\/p>\n<\/td>\n<\/tr>\n<tr>\n<td valign=\"top\" width=\"288\">\n<p align=\"center\"><strong>ITACAR\u00c9<\/strong><\/p>\n<\/td>\n<td valign=\"top\" width=\"288\">\n<p align=\"center\"><strong>23 e 24 de<br \/>\nfevereiro de 2012<\/strong><\/p>\n<\/td>\n<\/tr>\n<tr>\n<td valign=\"top\" width=\"288\">\n<p align=\"center\"><strong>ITAPETINGA<\/strong><\/p>\n<\/td>\n<td valign=\"top\" width=\"288\">\n<p align=\"center\"><strong>23 e 24 de<br \/>\nfevereiro de 2012<\/strong><\/p>\n<\/td>\n<\/tr>\n<tr>\n<td valign=\"top\" width=\"288\">\n<p align=\"center\"><strong>ITOROR\u00d3<\/strong><\/p>\n<\/td>\n<td valign=\"top\" width=\"288\">\n<p align=\"center\"><strong>23 e 24 de<br \/>\nfevereiro de 2012<\/strong><\/p>\n<\/td>\n<\/tr>\n<tr>\n<td valign=\"top\" width=\"288\">\n<p align=\"center\"><strong>JAGUARARI<\/strong><\/p>\n<\/td>\n<td valign=\"top\" width=\"288\">\n<p align=\"center\"><strong>23 e 24 de<br \/>\nfevereiro de 2012<\/strong><\/p>\n<\/td>\n<\/tr>\n<tr>\n<td valign=\"top\" width=\"288\">\n<p align=\"center\"><strong>MIGUEL CALMON<\/strong><\/p>\n<\/td>\n<td valign=\"top\" width=\"288\">\n<p align=\"center\"><strong>23 e 24 de<br \/>\nfevereiro de 2012<\/strong><\/p>\n<\/td>\n<\/tr>\n<tr>\n<td valign=\"top\" width=\"288\">\n<p align=\"center\"><strong>MUCURI<\/strong><\/p>\n<\/td>\n<td valign=\"top\" width=\"288\">\n<p align=\"center\"><strong>23 e 24 de<br \/>\nfevereiro de 2012<\/strong><\/p>\n<\/td>\n<\/tr>\n<tr>\n<td valign=\"top\" width=\"288\">\n<p align=\"center\"><strong>MUNDO NOVO<\/strong><\/p>\n<\/td>\n<td valign=\"top\" width=\"288\">\n<p align=\"center\"><strong>23 e 24 de<br \/>\nfevereiro de 2012<\/strong><\/p>\n<\/td>\n<\/tr>\n<tr>\n<td valign=\"top\" width=\"288\">\n<p align=\"center\"><strong>NAZAR\u00c9<\/strong><\/p>\n<\/td>\n<td valign=\"top\" width=\"288\">\n<p align=\"center\"><strong>23 e 24 de<br \/>\nfevereiro de 2012<\/strong><\/p>\n<\/td>\n<\/tr>\n<tr>\n<td valign=\"top\" width=\"288\">\n<p align=\"center\"><strong>PINTADAS<\/strong><\/p>\n<\/td>\n<td valign=\"top\" width=\"288\">\n<p align=\"center\"><strong>23 e 24 de<br \/>\nfevereiro de 2012<\/strong><\/p>\n<\/td>\n<\/tr>\n<tr>\n<td valign=\"top\" width=\"288\">\n<p align=\"center\"><strong>REMANSO<\/strong><\/p>\n<\/td>\n<td valign=\"top\" width=\"288\">\n<p align=\"center\"><strong>23 e 24 de<br \/>\nfevereiro de 2012<\/strong><\/p>\n<\/td>\n<\/tr>\n<tr>\n<td valign=\"top\" width=\"288\">\n<p align=\"center\"><strong>SANTA IN\u00caS<\/strong><\/p>\n<\/td>\n<td valign=\"top\" width=\"288\">\n<p align=\"center\"><strong>23 e 24 de<br \/>\nfevereiro de 2012<\/strong><\/p>\n<\/td>\n<\/tr>\n<tr>\n<td valign=\"top\" width=\"288\">\n<p align=\"center\"><strong>SANTA TERESINHA<\/strong><\/p>\n<\/td>\n<td valign=\"top\" width=\"288\">\n<p align=\"center\"><strong>23 e 24 de<br \/>\nfevereiro de 2012<\/strong><\/p>\n<\/td>\n<\/tr>\n<tr>\n<td valign=\"top\" width=\"288\">\n<p align=\"center\"><strong>SANTO ESTEV\u00c3O<\/strong><\/p>\n<\/td>\n<td valign=\"top\" width=\"288\">\n<p align=\"center\"><strong>23 e 24 de<br \/>\nfevereiro de 2012<\/strong><\/p>\n<\/td>\n<\/tr>\n<tr>\n<td valign=\"top\" width=\"288\">\n<p align=\"center\"><strong>SENHOR DO BONFIM<\/strong><\/p>\n<\/td>\n<td valign=\"top\" width=\"288\">\n<p align=\"center\"><strong>23 e 24 de<br \/>\nfevereiro de 2012<\/strong><\/p>\n<\/td>\n<\/tr>\n<tr>\n<td valign=\"top\" width=\"288\">\n<p align=\"center\"><strong>TEIXEIRA DE FREITAS<\/strong><\/p>\n<\/td>\n<td valign=\"top\" width=\"288\">\n<p align=\"center\"><strong>23 e 24 de<br \/>\nfevereiro de 2012<\/strong><\/p>\n<\/td>\n<\/tr>\n<tr>\n<td valign=\"top\" width=\"288\">\n<p align=\"center\"><strong>URU\u00c7UCA<\/strong><\/p>\n<\/td>\n<td valign=\"top\" width=\"288\">\n<p align=\"center\"><strong>13 e 14 de fevereiro de 2012<\/strong><\/p>\n<\/td>\n<\/tr>\n<tr>\n<td valign=\"top\" width=\"288\">\n<p align=\"center\"><strong>VALEN\u00c7A<\/strong><\/p>\n<\/td>\n<td valign=\"top\" width=\"288\">\n<p align=\"center\"><strong>23 e 24 de<br \/>\nfevereiro de 2012<\/strong><\/p>\n<\/td>\n<\/tr>\n<\/tbody>\n<\/table>\n","protected":false},"excerpt":{"rendered":"<p>Em virtude dos \u00faltimos acontecimentos decorrentes da Greve da Pol\u00edcia Militar no Estado da Bahia, informamos que a data de matr\u00edcula nos Cursos T\u00e9cnicos Subsequentes na modalidade a dist\u00e2ncia foi alterada em 22 (vinte e dois) Polos. A Matr\u00edcula do Campus Valen\u00e7a foi alterada para o per\u00edodo de 23 a 24 de fevereiro de 2012. [&hellip;]<\/p>\n","protected":false},"author":6,"featured_media":0,"comment_status":"open","ping_status":"open","sticky":false,"template":"","format":"standard","meta":[],"categories":[5],"tags":[],"_links":{"self":[{"href":"https:\/\/www.ifbaiano.edu.br\/unidades\/valenca\/wp-json\/wp\/v2\/posts\/1412"}],"collection":[{"href":"https:\/\/www.ifbaiano.edu.br\/unidades\/valenca\/wp-json\/wp\/v2\/posts"}],"about":[{"href":"https:\/\/www.ifbaiano.edu.br\/unidades\/valenca\/wp-json\/wp\/v2\/types\/post"}],"author":[{"embeddable":true,"href":"https:\/\/www.ifbaiano.edu.br\/unidades\/valenca\/wp-json\/wp\/v2\/users\/6"}],"replies":[{"embeddable":true,"href":"https:\/\/www.ifbaiano.edu.br\/unidades\/valenca\/wp-json\/wp\/v2\/comments?post=1412"}],"version-history":[{"count":3,"href":"https:\/\/www.ifbaiano.edu.br\/unidades\/valenca\/wp-json\/wp\/v2\/posts\/1412\/revisions"}],"predecessor-version":[{"id":1414,"href":"https:\/\/www.ifbaiano.edu.br\/unidades\/valenca\/wp-json\/wp\/v2\/posts\/1412\/revisions\/1414"}],"wp:attachment":[{"href":"https:\/\/www.ifbaiano.edu.br\/unidades\/valenca\/wp-json\/wp\/v2\/media?parent=1412"}],"wp:term":[{"taxonomy":"category","embeddable":true,"href":"https:\/\/www.ifbaiano.edu.br\/unidades\/valenca\/wp-json\/wp\/v2\/categories?post=1412"},{"taxonomy":"post_tag","embeddable":true,"href":"https:\/\/www.ifbaiano.edu.br\/unidades\/valenca\/wp-json\/wp\/v2\/tags?post=1412"}],"curies":[{"name":"wp","href":"https:\/\/api.w.org\/{rel}","templated":true}]}}