{"id":1417,"date":"2012-02-23T13:23:29","date_gmt":"2012-02-23T13:23:29","guid":{"rendered":"http:\/\/www.ifbaiano.edu.br\/unidades\/valenca\/?p=1417"},"modified":"2012-02-23T16:24:10","modified_gmt":"2012-02-23T16:24:10","slug":"estudantes-do-campus-valenca-paralisam-para-reivindicar-por-melhorias","status":"publish","type":"post","link":"https:\/\/www.ifbaiano.edu.br\/unidades\/valenca\/2012\/02\/23\/estudantes-do-campus-valenca-paralisam-para-reivindicar-por-melhorias\/","title":{"rendered":"Estudantes do Campus Valen\u00e7a paralisam para reivindicar por melhorias"},"content":{"rendered":"<p>Na tarde do \u00faltimo dia 16\/02, estudantes do Campus Valen\u00e7a, mobilizados pelo Gr\u00eamio Estudantil, realizaram uma paralisa\u00e7\u00e3o, seguida de assembl\u00e9ia para reivindicar por melhorias estruturais nas unidades do Instituto, em Especial no Campus Valen\u00e7a.<\/p>\n<p>Durante a Assembleia os Estudantes produziram uma carta com as principais pautas de reivindica\u00e7\u00e3o para ser encaminhada \u00e0 Reitoria do Instituto.<\/p>\n<p>A mobiliza\u00e7\u00e3o \u00e9 uma forma democr\u00e1tica e pac\u00edfica dos estudantes de lutarem por seus direitos alertando aos gestores sobre a necessidade de melhorias para os <em>Campi<\/em>.<\/p>\n<p>Confira\u00a0 <a href=\"http:\/\/www.ifbaiano.edu.br\/unidades\/valenca\/files\/2012\/02\/Pontos-de-Reinvindica\u00e7\u00e3o.pdf\">Pontos de Reinvindica\u00e7\u00e3o<\/a> e <a href=\"http:\/\/www.ifbaiano.edu.br\/unidades\/valenca\/files\/2012\/02\/carta-ao-reitor.pdf\">Carta ao Reitor<\/a>.<\/p>\n<p>&nbsp;<\/p>\n<p>&nbsp;<\/p>\n<p><a href=\"http:\/\/www.ifbaiano.edu.br\/unidades\/valenca\/files\/2012\/02\/DSC0136.jpg\"><img decoding=\"async\" loading=\"lazy\" class=\"aligncenter size-full wp-image-1424\" src=\"http:\/\/www.ifbaiano.edu.br\/unidades\/valenca\/files\/2012\/02\/DSC0136.jpg\" alt=\"\" width=\"1287\" height=\"855\" \/><\/a><\/p>\n<p>&nbsp;<\/p>\n","protected":false},"excerpt":{"rendered":"<p>Na tarde do \u00faltimo dia 16\/02, estudantes do Campus Valen\u00e7a, mobilizados pelo Gr\u00eamio Estudantil, realizaram uma paralisa\u00e7\u00e3o, seguida de assembl\u00e9ia para reivindicar por melhorias estruturais nas unidades do Instituto, em Especial no Campus Valen\u00e7a. Durante a Assembleia os Estudantes produziram uma carta com as principais pautas de reivindica\u00e7\u00e3o para ser encaminhada \u00e0 Reitoria do Instituto. [&hellip;]<\/p>\n","protected":false},"author":6,"featured_media":0,"comment_status":"open","ping_status":"open","sticky":false,"template":"","format":"standard","meta":[],"categories":[43],"tags":[],"_links":{"self":[{"href":"https:\/\/www.ifbaiano.edu.br\/unidades\/valenca\/wp-json\/wp\/v2\/posts\/1417"}],"collection":[{"href":"https:\/\/www.ifbaiano.edu.br\/unidades\/valenca\/wp-json\/wp\/v2\/posts"}],"about":[{"href":"https:\/\/www.ifbaiano.edu.br\/unidades\/valenca\/wp-json\/wp\/v2\/types\/post"}],"author":[{"embeddable":true,"href":"https:\/\/www.ifbaiano.edu.br\/unidades\/valenca\/wp-json\/wp\/v2\/users\/6"}],"replies":[{"embeddable":true,"href":"https:\/\/www.ifbaiano.edu.br\/unidades\/valenca\/wp-json\/wp\/v2\/comments?post=1417"}],"version-history":[{"count":3,"href":"https:\/\/www.ifbaiano.edu.br\/unidades\/valenca\/wp-json\/wp\/v2\/posts\/1417\/revisions"}],"predecessor-version":[{"id":1429,"href":"https:\/\/www.ifbaiano.edu.br\/unidades\/valenca\/wp-json\/wp\/v2\/posts\/1417\/revisions\/1429"}],"wp:attachment":[{"href":"https:\/\/www.ifbaiano.edu.br\/unidades\/valenca\/wp-json\/wp\/v2\/media?parent=1417"}],"wp:term":[{"taxonomy":"category","embeddable":true,"href":"https:\/\/www.ifbaiano.edu.br\/unidades\/valenca\/wp-json\/wp\/v2\/categories?post=1417"},{"taxonomy":"post_tag","embeddable":true,"href":"https:\/\/www.ifbaiano.edu.br\/unidades\/valenca\/wp-json\/wp\/v2\/tags?post=1417"}],"curies":[{"name":"wp","href":"https:\/\/api.w.org\/{rel}","templated":true}]}}