{"id":1428,"date":"2012-02-23T16:30:19","date_gmt":"2012-02-23T16:30:19","guid":{"rendered":"http:\/\/www.ifbaiano.edu.br\/unidades\/valenca\/?p=1428"},"modified":"2012-02-29T21:52:28","modified_gmt":"2012-02-29T21:52:28","slug":"gremio-estudantil-do-campus-valenca-realizara-assembleia-extraordinaria-proximo-dia-2402","status":"publish","type":"post","link":"https:\/\/www.ifbaiano.edu.br\/unidades\/valenca\/2012\/02\/23\/gremio-estudantil-do-campus-valenca-realizara-assembleia-extraordinaria-proximo-dia-2402\/","title":{"rendered":"Gr\u00eamio Estudantil do Campus Valen\u00e7a realizar\u00e1 Assembleia Extraordin\u00e1ria pr\u00f3ximo dia 24\/02"},"content":{"rendered":"<p>O Presidente do Gr\u00eamio Estudantil do Campus Valen\u00e7a (GEELLS), convida todos os estudantes a participarem da Assembl\u00e9ia Extraordin\u00e1ria pr\u00f3ximo dia 24\/02, a partir das 15h00min, no Audit\u00f3rio do IF Baiano Campus Valen\u00e7a. Dentre os pontos de pauta est\u00e1 o encerramento do Gr\u00eamio Estudantil da EMARC-VA e a Funda\u00e7\u00e3o do Gr\u00eamio Estudantil do IF Baiano \u2013 Mais um passo na participa\u00e7\u00e3o democr\u00e1tica dos discentes na Constru\u00e7\u00e3o e Gest\u00e3o do IF Baiano.<\/p>\n<p>Segundo o Presidente do GEELLS, o estudante Matheus Cunha, \u201co Gr\u00eamio Estudantil Edson Luis de Lima Souto, (GEELLS) j\u00e1 est\u00e1 realizando as plen\u00e1rias para avalia\u00e7\u00e3o e organiza\u00e7\u00e3o de seu novo estatuto, al\u00e9m de ampliar a autonomia da entidade as plen\u00e1rias tem como objetivo preparar e conscientizar os estudantes em rela\u00e7\u00e3o as elei\u00e7\u00f5es que deve ocorrer nas pr\u00f3ximas semanas\u201d. O presidente afirma ainda que \u201cnos \u00faltimos anos o GEELLS ampliou a sua linha de atua\u00e7\u00e3o bem como fortaleceu as suas atividades e luta a favor da classe estudantil no Campus\u201d.<\/p>\n<p>A participa\u00e7\u00e3o de todos os estudantes \u00e9 indispens\u00e1vel.<\/p>\n<p>Confira <a href=\"http:\/\/www.ifbaiano.edu.br\/unidades\/valenca\/files\/2012\/02\/GEELLS-EDITAL-Assembleia-Extraordin\u00e1ria1.pdf\">Edital de Convoca\u00e7\u00e3o<\/a>.<\/p>\n","protected":false},"excerpt":{"rendered":"<p>O Presidente do Gr\u00eamio Estudantil do Campus Valen\u00e7a (GEELLS), convida todos os estudantes a participarem da Assembl\u00e9ia Extraordin\u00e1ria pr\u00f3ximo dia 24\/02, a partir das 15h00min, no Audit\u00f3rio do IF Baiano Campus Valen\u00e7a. Dentre os pontos de pauta est\u00e1 o encerramento do Gr\u00eamio Estudantil da EMARC-VA e a Funda\u00e7\u00e3o do Gr\u00eamio Estudantil do IF Baiano \u2013 [&hellip;]<\/p>\n","protected":false},"author":6,"featured_media":0,"comment_status":"open","ping_status":"open","sticky":false,"template":"","format":"standard","meta":[],"categories":[5,43],"tags":[],"_links":{"self":[{"href":"https:\/\/www.ifbaiano.edu.br\/unidades\/valenca\/wp-json\/wp\/v2\/posts\/1428"}],"collection":[{"href":"https:\/\/www.ifbaiano.edu.br\/unidades\/valenca\/wp-json\/wp\/v2\/posts"}],"about":[{"href":"https:\/\/www.ifbaiano.edu.br\/unidades\/valenca\/wp-json\/wp\/v2\/types\/post"}],"author":[{"embeddable":true,"href":"https:\/\/www.ifbaiano.edu.br\/unidades\/valenca\/wp-json\/wp\/v2\/users\/6"}],"replies":[{"embeddable":true,"href":"https:\/\/www.ifbaiano.edu.br\/unidades\/valenca\/wp-json\/wp\/v2\/comments?post=1428"}],"version-history":[{"count":8,"href":"https:\/\/www.ifbaiano.edu.br\/unidades\/valenca\/wp-json\/wp\/v2\/posts\/1428\/revisions"}],"predecessor-version":[{"id":1457,"href":"https:\/\/www.ifbaiano.edu.br\/unidades\/valenca\/wp-json\/wp\/v2\/posts\/1428\/revisions\/1457"}],"wp:attachment":[{"href":"https:\/\/www.ifbaiano.edu.br\/unidades\/valenca\/wp-json\/wp\/v2\/media?parent=1428"}],"wp:term":[{"taxonomy":"category","embeddable":true,"href":"https:\/\/www.ifbaiano.edu.br\/unidades\/valenca\/wp-json\/wp\/v2\/categories?post=1428"},{"taxonomy":"post_tag","embeddable":true,"href":"https:\/\/www.ifbaiano.edu.br\/unidades\/valenca\/wp-json\/wp\/v2\/tags?post=1428"}],"curies":[{"name":"wp","href":"https:\/\/api.w.org\/{rel}","templated":true}]}}