{"id":1440,"date":"2012-02-27T07:00:04","date_gmt":"2012-02-27T07:00:04","guid":{"rendered":"http:\/\/www.ifbaiano.edu.br\/unidades\/valenca\/?p=1440"},"modified":"2012-03-01T13:00:37","modified_gmt":"2012-03-01T13:00:37","slug":"ifbaiano-campus-valenca-realizara-selecao-para-contratar-estagiarios","status":"publish","type":"post","link":"https:\/\/www.ifbaiano.edu.br\/unidades\/valenca\/2012\/02\/27\/ifbaiano-campus-valenca-realizara-selecao-para-contratar-estagiarios\/","title":{"rendered":"IFBaiano Campus Valen\u00e7a realizar\u00e1 sele\u00e7\u00e3o para contratar Estagi\u00e1rios de N\u00edvel Superior e M\u00e9dio"},"content":{"rendered":"<p style=\"text-align: left\" align=\"center\">O Processo Seletivo destina-se \u00e0 contrata\u00e7\u00e3o de Estagi\u00e1rios estudantes de N\u00edvel Superior nas \u00e1reas de Direito, Sistema de Informa\u00e7\u00e3o, Pedagogia e N\u00edvel M\u00e9dio para atuarem no Instituto Federal de Educa\u00e7\u00e3o Ci\u00eancia e Tecnologia Baiano &#8211;\u00a0 Campus Valen\u00e7a. Estar\u00e3o habilitados a concorrerem \u00e0s vagas os candidatos que:<\/p>\n<ul>\n<li>\u00a0&#8211; Estiver cursando os per\u00edodos letivos conforme estabelecidos no Edital;<\/li>\n<li>&#8211; Ter disponibilidade de hor\u00e1rio para cumprir o est\u00e1gio;<\/li>\n<li>&#8211; N\u00e3o possuir qualquer tipo de v\u00ednculo com o Instituto Federal Baiano, seja como aluno, professor ou t\u00e9cnico administrativo em educa\u00e7\u00e3o.<\/li>\n<\/ul>\n<p>A remunera\u00e7\u00e3o varia de R$ 520,00 para N\u00edvel Superior\u00a0com regime de trabalho de 30 horas semanais a R$ 290,00 para N\u00edvel M\u00e9dio com regime de trabalho de 20 horas semanais.<\/p>\n<p>As inscri\u00e7\u00f5es ser\u00e3o realizadas no N\u00facleo de Apoio a Gest\u00e3o de Pessoas (NAGP), no IFBainao Campus Valen\u00e7a (Rua Glic\u00e9rio Tavares s\/n, bairro Bate Quente, Valen\u00e7a-Ba),\u00a0 no per\u00edodo de <strong>19 a <\/strong><strong>23 de mar\u00e7o de 2012.<\/strong><\/p>\n<p>Para inscrever-se o candidato dever\u00e1 protocolar os seguintes documentos no NAGP: c\u00f3pias dos documentos pessoais (CPF e RG); Curriculum Vitae simplificado com comprova\u00e7\u00e3o de todas as atividades descritas no mesmo; e ficha de inscri\u00e7\u00e3o devidamente preenchida dispon\u00edvel no site eletr\u00f4nico <a href=\"http:\/\/www.ifbaiano.edu.br\/unidades\/valenca\">http:\/\/www.ifbaiano.edu.br\/unidades\/valenca<\/a>.<\/p>\n<p><strong>Leia \u00a0<a href=\"http:\/\/www.ifbaiano.edu.br\/unidades\/valenca\/files\/2012\/02\/edital_simplificado_estagio.pdf\">Edital n\u00ba 01\/2012<\/a>.<\/strong><\/p>\n<p><strong>Acesse <a href=\"http:\/\/www.ifbaiano.edu.br\/unidades\/valenca\/files\/2012\/02\/formulario_inscricao_estagio.pdf\">Ficha de Inscri\u00e7\u00e3o<\/a>. <\/strong><\/p>\n<p><strong>\u00a0<\/strong><strong>Confira quadro de vagas:<\/strong><\/p>\n<table border=\"1\" cellspacing=\"0\" cellpadding=\"0\">\n<tbody>\n<tr>\n<td valign=\"top\" width=\"79\">\n<p align=\"center\"><strong>N\u00ba<\/strong><\/p>\n<p align=\"center\"><strong>VAGAS<\/strong><\/p>\n<\/td>\n<td valign=\"top\" width=\"144\">\n<p align=\"center\"><strong>N\u00cdVEL DE<\/strong><\/p>\n<p align=\"center\"><strong>ESCOLARIDADE<\/strong><\/p>\n<\/td>\n<td valign=\"top\" width=\"353\">\n<p align=\"center\"><strong>\u00c1REA<\/strong><\/p>\n<p align=\"center\"><strong>\u00a0<\/strong><\/p>\n<\/td>\n<\/tr>\n<tr>\n<td valign=\"top\" width=\"79\">02<\/td>\n<td valign=\"top\" width=\"144\">Superior<\/td>\n<td valign=\"top\" width=\"353\">Direito &#8211; Cursando\u00a0 a partir do 1\u00ba semestre<strong><\/strong><\/td>\n<\/tr>\n<tr>\n<td valign=\"top\" width=\"79\">01<\/td>\n<td valign=\"top\" width=\"144\">Superior<\/td>\n<td valign=\"top\" width=\"353\">Sistema de Informa\u00e7\u00e3o &#8211; Cursando a partir do 3\u00ba semestre.<strong><\/strong><\/td>\n<\/tr>\n<tr>\n<td valign=\"top\" width=\"79\">01\u201d<\/td>\n<td valign=\"top\" width=\"144\">Superior<\/td>\n<td valign=\"top\" width=\"353\">Pedagogia &#8211; Cursando\u00a0a partir do 3\u00ba semestre.<strong><\/strong><\/td>\n<\/tr>\n<tr>\n<td valign=\"top\" width=\"79\">02<\/td>\n<td valign=\"top\" width=\"144\">M\u00e9dio<\/td>\n<td valign=\"top\" width=\"353\">Cursando\u00a0a partir do 2\u00ba ano do ensino m\u00e9dio<strong><\/strong><\/td>\n<\/tr>\n<\/tbody>\n<\/table>\n<p><strong>\u00a0<\/strong>*Uma das vagas identificadas com o s\u00edmbolo ( \u201d ) ser\u00e1 reservada para candidatos portadores de defici\u00eancia, nos termos do item 5 do Edital n\u00ba 01\/2012.<strong><\/strong><\/p>\n<p><strong>\u00a0<\/strong><\/p>\n<p><strong>______________________________<\/strong><\/p>\n<p><strong>O que? <\/strong>Sele\u00e7\u00e3o para contrata\u00e7\u00e3o de estagi\u00e1rios estudantes<br \/>\nde N\u00edvel Superior e M\u00e9dio<\/p>\n<p><strong>Quando? <\/strong>19\/03\/2012 a 23\/03\/2012 (per\u00edodo de inscri\u00e7\u00f5es)<\/p>\n<p><strong>Onde: <\/strong><a href=\"http:\/\/www.ifbaiano.edu.br\/unidades\/valenca\">http:\/\/www.ifbaiano.edu.br\/unidades\/valenca<\/a><\/p>\n","protected":false},"excerpt":{"rendered":"<p>O Processo Seletivo destina-se \u00e0 contrata\u00e7\u00e3o de Estagi\u00e1rios estudantes de N\u00edvel Superior nas \u00e1reas de Direito, Sistema de Informa\u00e7\u00e3o, Pedagogia e N\u00edvel M\u00e9dio para atuarem no Instituto Federal de Educa\u00e7\u00e3o Ci\u00eancia e Tecnologia Baiano &#8211;\u00a0 Campus Valen\u00e7a. Estar\u00e3o habilitados a concorrerem \u00e0s vagas os candidatos que: \u00a0&#8211; Estiver cursando os per\u00edodos letivos conforme estabelecidos no [&hellip;]<\/p>\n","protected":false},"author":6,"featured_media":0,"comment_status":"open","ping_status":"open","sticky":false,"template":"","format":"standard","meta":[],"categories":[5,30],"tags":[],"_links":{"self":[{"href":"https:\/\/www.ifbaiano.edu.br\/unidades\/valenca\/wp-json\/wp\/v2\/posts\/1440"}],"collection":[{"href":"https:\/\/www.ifbaiano.edu.br\/unidades\/valenca\/wp-json\/wp\/v2\/posts"}],"about":[{"href":"https:\/\/www.ifbaiano.edu.br\/unidades\/valenca\/wp-json\/wp\/v2\/types\/post"}],"author":[{"embeddable":true,"href":"https:\/\/www.ifbaiano.edu.br\/unidades\/valenca\/wp-json\/wp\/v2\/users\/6"}],"replies":[{"embeddable":true,"href":"https:\/\/www.ifbaiano.edu.br\/unidades\/valenca\/wp-json\/wp\/v2\/comments?post=1440"}],"version-history":[{"count":8,"href":"https:\/\/www.ifbaiano.edu.br\/unidades\/valenca\/wp-json\/wp\/v2\/posts\/1440\/revisions"}],"predecessor-version":[{"id":1464,"href":"https:\/\/www.ifbaiano.edu.br\/unidades\/valenca\/wp-json\/wp\/v2\/posts\/1440\/revisions\/1464"}],"wp:attachment":[{"href":"https:\/\/www.ifbaiano.edu.br\/unidades\/valenca\/wp-json\/wp\/v2\/media?parent=1440"}],"wp:term":[{"taxonomy":"category","embeddable":true,"href":"https:\/\/www.ifbaiano.edu.br\/unidades\/valenca\/wp-json\/wp\/v2\/categories?post=1440"},{"taxonomy":"post_tag","embeddable":true,"href":"https:\/\/www.ifbaiano.edu.br\/unidades\/valenca\/wp-json\/wp\/v2\/tags?post=1440"}],"curies":[{"name":"wp","href":"https:\/\/api.w.org\/{rel}","templated":true}]}}