{"id":1455,"date":"2012-02-29T21:51:19","date_gmt":"2012-02-29T21:51:19","guid":{"rendered":"http:\/\/www.ifbaiano.edu.br\/unidades\/valenca\/?p=1455"},"modified":"2012-02-29T21:51:19","modified_gmt":"2012-02-29T21:51:19","slug":"programa-mulheres-mil-do-campus-valenca-realizara-palestra-em-comemoracao-ao-dia-internacional-da-mulher","status":"publish","type":"post","link":"https:\/\/www.ifbaiano.edu.br\/unidades\/valenca\/2012\/02\/29\/programa-mulheres-mil-do-campus-valenca-realizara-palestra-em-comemoracao-ao-dia-internacional-da-mulher\/","title":{"rendered":"Programa Mulheres Mil do Campus Valen\u00e7a realizar\u00e1 palestra em comemora\u00e7\u00e3o ao Dia Internacional da Mulher"},"content":{"rendered":"<p>Em comemora\u00e7\u00e3o ao Dia Internacional da Mulher, o Programa Mulheres Mil atrav\u00e9s do <strong>Sub-projeto: VALENCIANAS MIL <\/strong>ir\u00e1 realizar uma palestra com o tema: <strong>O Universo Feminino no Mundo Atual: Quem \u00e9 a nova mulher?<\/strong><\/p>\n<p>O Evento ser\u00e1 no <strong>dia 07 de mar\u00e7o \u00e0s 08:00h<\/strong>, no Audit\u00f3rio do IF Baiano &#8211; <em>Campus <\/em>Valen\u00e7a.<\/p>\n<p><strong>Contamos com o apoio e a presen\u00e7a de todos!<\/strong><\/p>\n","protected":false},"excerpt":{"rendered":"<p>Em comemora\u00e7\u00e3o ao Dia Internacional da Mulher, o Programa Mulheres Mil atrav\u00e9s do Sub-projeto: VALENCIANAS MIL ir\u00e1 realizar uma palestra com o tema: O Universo Feminino no Mundo Atual: Quem \u00e9 a nova mulher? O Evento ser\u00e1 no dia 07 de mar\u00e7o \u00e0s 08:00h, no Audit\u00f3rio do IF Baiano &#8211; Campus Valen\u00e7a. Contamos com o [&hellip;]<\/p>\n","protected":false},"author":6,"featured_media":0,"comment_status":"open","ping_status":"open","sticky":false,"template":"","format":"standard","meta":[],"categories":[42],"tags":[],"_links":{"self":[{"href":"https:\/\/www.ifbaiano.edu.br\/unidades\/valenca\/wp-json\/wp\/v2\/posts\/1455"}],"collection":[{"href":"https:\/\/www.ifbaiano.edu.br\/unidades\/valenca\/wp-json\/wp\/v2\/posts"}],"about":[{"href":"https:\/\/www.ifbaiano.edu.br\/unidades\/valenca\/wp-json\/wp\/v2\/types\/post"}],"author":[{"embeddable":true,"href":"https:\/\/www.ifbaiano.edu.br\/unidades\/valenca\/wp-json\/wp\/v2\/users\/6"}],"replies":[{"embeddable":true,"href":"https:\/\/www.ifbaiano.edu.br\/unidades\/valenca\/wp-json\/wp\/v2\/comments?post=1455"}],"version-history":[{"count":1,"href":"https:\/\/www.ifbaiano.edu.br\/unidades\/valenca\/wp-json\/wp\/v2\/posts\/1455\/revisions"}],"predecessor-version":[{"id":1456,"href":"https:\/\/www.ifbaiano.edu.br\/unidades\/valenca\/wp-json\/wp\/v2\/posts\/1455\/revisions\/1456"}],"wp:attachment":[{"href":"https:\/\/www.ifbaiano.edu.br\/unidades\/valenca\/wp-json\/wp\/v2\/media?parent=1455"}],"wp:term":[{"taxonomy":"category","embeddable":true,"href":"https:\/\/www.ifbaiano.edu.br\/unidades\/valenca\/wp-json\/wp\/v2\/categories?post=1455"},{"taxonomy":"post_tag","embeddable":true,"href":"https:\/\/www.ifbaiano.edu.br\/unidades\/valenca\/wp-json\/wp\/v2\/tags?post=1455"}],"curies":[{"name":"wp","href":"https:\/\/api.w.org\/{rel}","templated":true}]}}