{"id":1460,"date":"2012-02-29T22:02:45","date_gmt":"2012-02-29T22:02:45","guid":{"rendered":"http:\/\/www.ifbaiano.edu.br\/unidades\/valenca\/?p=1460"},"modified":"2012-02-29T22:02:45","modified_gmt":"2012-02-29T22:02:45","slug":"lancados-os-editais-para-selecao-de-projetos-de-bolsas-de-iniciacao-cientifica","status":"publish","type":"post","link":"https:\/\/www.ifbaiano.edu.br\/unidades\/valenca\/2012\/02\/29\/lancados-os-editais-para-selecao-de-projetos-de-bolsas-de-iniciacao-cientifica\/","title":{"rendered":"Lan\u00e7ados os editais para sele\u00e7\u00e3o de Projetos de Bolsas de Inicia\u00e7\u00e3o Cient\u00edfica"},"content":{"rendered":"<p>O IF Baiano, atrav\u00e9s da Pr\u00f3-reitoria de Pesquisa (Propes), torna p\u00fablicos os editais referentes ao Processo Seletivo de<strong> <\/strong>Projetos de Bolsas de Inicia\u00e7\u00e3o Cient\u00edfica. Ser\u00e3o avaliadas as propostas nas modalidades de Inicia\u00e7\u00e3o Cient\u00edfica (IC) e Inicia\u00e7\u00e3o Cient\u00edfica J\u00fanior (ICJ). As inscri\u00e7\u00f5es ser\u00e3o realizadas de 23 de abril de 2012 a 18 de maio de 2012, conforme as regras estabelecidas em edital espec\u00edfico. Os resultados ser\u00e3o divulgados no dia 25 de maio.<\/p>\n<p>O financiamento institucional tem por objetivo a difus\u00e3o e a populariza\u00e7\u00e3o da ci\u00eancia, incentivando a investiga\u00e7\u00e3o e a experimenta\u00e7\u00e3o no Instituto. A<br \/>\nmodalidade IC contempla os alunos do Ensino Superior. J\u00e1 a modalidade ICJ \u00e9 destinada aos estudantes do Ensino Profissional T\u00e9cnico de N\u00edvel M\u00e9dio<br \/>\n(Integrado ou Subseq\u00fcente). Os candidatos que tiverem seu Projeto de Inicia\u00e7\u00e3o Cient\u00edfica aprovado pela Comiss\u00e3o Avaliadora ser\u00e3o beneficiados com uma bolsa<br \/>\nmensal, vigente entre 02 de julho de2012 a 31 de janeiro de 2013.<\/p>\n<p>Para maiores informa\u00e7\u00f5es, confiras os editais no site eletr\u00f4nico: <a href=\"http:\/\/www.ifbaiano.edu.br\">www.ifbaiano.edu.br<\/a><\/p>\n<p style=\"text-align: right\">Fonte: ASCOM\/Reitoria<\/p>\n","protected":false},"excerpt":{"rendered":"<p>O IF Baiano, atrav\u00e9s da Pr\u00f3-reitoria de Pesquisa (Propes), torna p\u00fablicos os editais referentes ao Processo Seletivo de Projetos de Bolsas de Inicia\u00e7\u00e3o Cient\u00edfica. Ser\u00e3o avaliadas as propostas nas modalidades de Inicia\u00e7\u00e3o Cient\u00edfica (IC) e Inicia\u00e7\u00e3o Cient\u00edfica J\u00fanior (ICJ). As inscri\u00e7\u00f5es ser\u00e3o realizadas de 23 de abril de 2012 a 18 de maio de 2012, [&hellip;]<\/p>\n","protected":false},"author":6,"featured_media":0,"comment_status":"open","ping_status":"open","sticky":false,"template":"","format":"standard","meta":[],"categories":[29],"tags":[],"_links":{"self":[{"href":"https:\/\/www.ifbaiano.edu.br\/unidades\/valenca\/wp-json\/wp\/v2\/posts\/1460"}],"collection":[{"href":"https:\/\/www.ifbaiano.edu.br\/unidades\/valenca\/wp-json\/wp\/v2\/posts"}],"about":[{"href":"https:\/\/www.ifbaiano.edu.br\/unidades\/valenca\/wp-json\/wp\/v2\/types\/post"}],"author":[{"embeddable":true,"href":"https:\/\/www.ifbaiano.edu.br\/unidades\/valenca\/wp-json\/wp\/v2\/users\/6"}],"replies":[{"embeddable":true,"href":"https:\/\/www.ifbaiano.edu.br\/unidades\/valenca\/wp-json\/wp\/v2\/comments?post=1460"}],"version-history":[{"count":2,"href":"https:\/\/www.ifbaiano.edu.br\/unidades\/valenca\/wp-json\/wp\/v2\/posts\/1460\/revisions"}],"predecessor-version":[{"id":1462,"href":"https:\/\/www.ifbaiano.edu.br\/unidades\/valenca\/wp-json\/wp\/v2\/posts\/1460\/revisions\/1462"}],"wp:attachment":[{"href":"https:\/\/www.ifbaiano.edu.br\/unidades\/valenca\/wp-json\/wp\/v2\/media?parent=1460"}],"wp:term":[{"taxonomy":"category","embeddable":true,"href":"https:\/\/www.ifbaiano.edu.br\/unidades\/valenca\/wp-json\/wp\/v2\/categories?post=1460"},{"taxonomy":"post_tag","embeddable":true,"href":"https:\/\/www.ifbaiano.edu.br\/unidades\/valenca\/wp-json\/wp\/v2\/tags?post=1460"}],"curies":[{"name":"wp","href":"https:\/\/api.w.org\/{rel}","templated":true}]}}