{"id":1467,"date":"2012-03-05T07:40:06","date_gmt":"2012-03-05T07:40:06","guid":{"rendered":"http:\/\/www.ifbaiano.edu.br\/unidades\/valenca\/?p=1467"},"modified":"2012-03-08T13:02:03","modified_gmt":"2012-03-08T13:02:03","slug":"curso-de-ingles-ead-%e2%80%93-resultado-das-inscricoes-homologadas","status":"publish","type":"post","link":"https:\/\/www.ifbaiano.edu.br\/unidades\/valenca\/2012\/03\/05\/curso-de-ingles-ead-%e2%80%93-resultado-das-inscricoes-homologadas\/","title":{"rendered":"Curso de ingl\u00eas EaD \u2013 resultado das inscri\u00e7\u00f5es homologadas"},"content":{"rendered":"<p style=\"text-align: left\" align=\"center\">A Comiss\u00e3o de Coordena\u00e7\u00e3o da Sele\u00e7\u00e3o torna p\u00fablico o resultado das inscri\u00e7\u00f5es para o Curso de Ingl\u00eas \u2013 EaD. A Comiss\u00e3o, com base no disposto no item 4.2 da Chamada Interna, remanejou vagas para outras unidades deste Instituto em que a demanda foi maior que o n\u00famero de vagas existentes.<\/p>\n<p>A previs\u00e3o para o in\u00edcio do curso \u00e9 no final do m\u00eas de abril\/2012, as informa\u00e7\u00f5es sobre a matr\u00edcula ser\u00e3o divulgadas posteriormente.<\/p>\n<p>Confira\u00a0 <a title=\"rela\u00e7\u00e3o de inscri\u00e7\u00f5es homologadas\" href=\"http:\/\/www.ifbaiano.edu.br\/portal\/?p=8709&amp;print=1\">rela\u00e7\u00e3o de inscri\u00e7\u00f5es homologadas<\/a>.<\/p>\n<p>&nbsp;<\/p>\n<p style=\"text-align: right\">Por: ASCOM\/Reitoria<\/p>\n","protected":false},"excerpt":{"rendered":"<p>A Comiss\u00e3o de Coordena\u00e7\u00e3o da Sele\u00e7\u00e3o torna p\u00fablico o resultado das inscri\u00e7\u00f5es para o Curso de Ingl\u00eas \u2013 EaD. A Comiss\u00e3o, com base no disposto no item 4.2 da Chamada Interna, remanejou vagas para outras unidades deste Instituto em que a demanda foi maior que o n\u00famero de vagas existentes. A previs\u00e3o para o in\u00edcio [&hellip;]<\/p>\n","protected":false},"author":6,"featured_media":0,"comment_status":"open","ping_status":"open","sticky":false,"template":"","format":"standard","meta":[],"categories":[10,32],"tags":[],"_links":{"self":[{"href":"https:\/\/www.ifbaiano.edu.br\/unidades\/valenca\/wp-json\/wp\/v2\/posts\/1467"}],"collection":[{"href":"https:\/\/www.ifbaiano.edu.br\/unidades\/valenca\/wp-json\/wp\/v2\/posts"}],"about":[{"href":"https:\/\/www.ifbaiano.edu.br\/unidades\/valenca\/wp-json\/wp\/v2\/types\/post"}],"author":[{"embeddable":true,"href":"https:\/\/www.ifbaiano.edu.br\/unidades\/valenca\/wp-json\/wp\/v2\/users\/6"}],"replies":[{"embeddable":true,"href":"https:\/\/www.ifbaiano.edu.br\/unidades\/valenca\/wp-json\/wp\/v2\/comments?post=1467"}],"version-history":[{"count":4,"href":"https:\/\/www.ifbaiano.edu.br\/unidades\/valenca\/wp-json\/wp\/v2\/posts\/1467\/revisions"}],"predecessor-version":[{"id":1502,"href":"https:\/\/www.ifbaiano.edu.br\/unidades\/valenca\/wp-json\/wp\/v2\/posts\/1467\/revisions\/1502"}],"wp:attachment":[{"href":"https:\/\/www.ifbaiano.edu.br\/unidades\/valenca\/wp-json\/wp\/v2\/media?parent=1467"}],"wp:term":[{"taxonomy":"category","embeddable":true,"href":"https:\/\/www.ifbaiano.edu.br\/unidades\/valenca\/wp-json\/wp\/v2\/categories?post=1467"},{"taxonomy":"post_tag","embeddable":true,"href":"https:\/\/www.ifbaiano.edu.br\/unidades\/valenca\/wp-json\/wp\/v2\/tags?post=1467"}],"curies":[{"name":"wp","href":"https:\/\/api.w.org\/{rel}","templated":true}]}}