{"id":1470,"date":"2012-03-05T07:42:30","date_gmt":"2012-03-05T07:42:30","guid":{"rendered":"http:\/\/www.ifbaiano.edu.br\/unidades\/valenca\/?p=1470"},"modified":"2012-03-13T18:25:43","modified_gmt":"2012-03-13T18:25:43","slug":"alunos-do-campus-valenca-tem-artigo-publicado-na-revista-ciencia-junior","status":"publish","type":"post","link":"https:\/\/www.ifbaiano.edu.br\/unidades\/valenca\/2012\/03\/05\/alunos-do-campus-valenca-tem-artigo-publicado-na-revista-ciencia-junior\/","title":{"rendered":"Alunos do Campus Valen\u00e7a tem artigo publicado na Revista Ci\u00eancia Junior"},"content":{"rendered":"<p style=\"text-align: left\" align=\"center\">Os alunos Andrea Queiroz Silva e Eraldo Correia dos Santos, do curso T\u00e9cnico em meio Ambiente do <em>Campus<\/em> Valen\u00e7a, ap\u00f3s apresenta\u00e7\u00e3o de trabalhos na 10\u00ba Feira de Munic\u00edpios e na 1\u00aa Mostra de Inicia\u00e7\u00e3o Cient\u00edfica (FEMMIC), tiveram seus artigos selecionados e publicados na 1\u00aa edi\u00e7\u00e3o da Revista Cient\u00edfica Junior. A Estudante Andrea Queiroz produziu o artigo \u201cPercursos poss\u00edveis para o lazer e o turismo no munic\u00edpio de Valen\u00e7a \u2013 Bahia\u201dsobre a Orienta\u00e7\u00e3o do professor Anderson Epifania; e o Estudante Eraldo Correia, \u00a0sobre a Orienta\u00e7\u00e3o do professor Jos\u00e9 de Lira Santana, escreveu o artigo \u201cO papel da AMEPPRU no desenvolvimento de projetos\u201d.<\/p>\n<p>A revista Ci\u00eancia Junior \u00e9 uma iniciativa do grupo de Pesquisa em Inicia\u00e7\u00e3o Cient\u00edfica de Populariza\u00e7\u00e3o das Ci\u00eancias do IFBaiano\/<em>Campus <\/em>Catu e re\u00fane a publica\u00e7\u00e3o, em diferentes \u00e1reas do conhecimento, dos principais trabalhos apresentados na 10\u00aa FEMMIC. O Objetivo da 1\u00aa edi\u00e7\u00e3o da revista \u00e9, al\u00e9m de reconhecer o m\u00e9rito dos estudantes e professores, \u00e9 de dar prosseguimento a um projeto educacional que defende a Educa\u00e7\u00e3o a partir do trip\u00e9 ensino, pesquisa e extens\u00e3o no \u00e2mbito da Educa\u00e7\u00e3o B\u00e1sica e Superior.<\/p>\n","protected":false},"excerpt":{"rendered":"<p>Os alunos Andrea Queiroz Silva e Eraldo Correia dos Santos, do curso T\u00e9cnico em meio Ambiente do Campus Valen\u00e7a, ap\u00f3s apresenta\u00e7\u00e3o de trabalhos na 10\u00ba Feira de Munic\u00edpios e na 1\u00aa Mostra de Inicia\u00e7\u00e3o Cient\u00edfica (FEMMIC), tiveram seus artigos selecionados e publicados na 1\u00aa edi\u00e7\u00e3o da Revista Cient\u00edfica Junior. A Estudante Andrea Queiroz produziu o [&hellip;]<\/p>\n","protected":false},"author":6,"featured_media":0,"comment_status":"open","ping_status":"open","sticky":false,"template":"","format":"standard","meta":[],"categories":[29],"tags":[],"_links":{"self":[{"href":"https:\/\/www.ifbaiano.edu.br\/unidades\/valenca\/wp-json\/wp\/v2\/posts\/1470"}],"collection":[{"href":"https:\/\/www.ifbaiano.edu.br\/unidades\/valenca\/wp-json\/wp\/v2\/posts"}],"about":[{"href":"https:\/\/www.ifbaiano.edu.br\/unidades\/valenca\/wp-json\/wp\/v2\/types\/post"}],"author":[{"embeddable":true,"href":"https:\/\/www.ifbaiano.edu.br\/unidades\/valenca\/wp-json\/wp\/v2\/users\/6"}],"replies":[{"embeddable":true,"href":"https:\/\/www.ifbaiano.edu.br\/unidades\/valenca\/wp-json\/wp\/v2\/comments?post=1470"}],"version-history":[{"count":4,"href":"https:\/\/www.ifbaiano.edu.br\/unidades\/valenca\/wp-json\/wp\/v2\/posts\/1470\/revisions"}],"predecessor-version":[{"id":1542,"href":"https:\/\/www.ifbaiano.edu.br\/unidades\/valenca\/wp-json\/wp\/v2\/posts\/1470\/revisions\/1542"}],"wp:attachment":[{"href":"https:\/\/www.ifbaiano.edu.br\/unidades\/valenca\/wp-json\/wp\/v2\/media?parent=1470"}],"wp:term":[{"taxonomy":"category","embeddable":true,"href":"https:\/\/www.ifbaiano.edu.br\/unidades\/valenca\/wp-json\/wp\/v2\/categories?post=1470"},{"taxonomy":"post_tag","embeddable":true,"href":"https:\/\/www.ifbaiano.edu.br\/unidades\/valenca\/wp-json\/wp\/v2\/tags?post=1470"}],"curies":[{"name":"wp","href":"https:\/\/api.w.org\/{rel}","templated":true}]}}