{"id":1473,"date":"2012-03-05T07:44:46","date_gmt":"2012-03-05T07:44:46","guid":{"rendered":"http:\/\/www.ifbaiano.edu.br\/unidades\/valenca\/?p=1473"},"modified":"2012-03-08T12:48:32","modified_gmt":"2012-03-08T12:48:32","slug":"campus-valenca-promove-insercao-de-alunos-formandos-no-mercado-de-trabalho","status":"publish","type":"post","link":"https:\/\/www.ifbaiano.edu.br\/unidades\/valenca\/2012\/03\/05\/campus-valenca-promove-insercao-de-alunos-formandos-no-mercado-de-trabalho\/","title":{"rendered":"Campus Valen\u00e7a promove inser\u00e7\u00e3o de alunos formandos no Mercado de Trabalho"},"content":{"rendered":"<p>Visando a inser\u00e7\u00e3o dos alunos formados do Curso T\u00e9cnico subseq\u00fcente em Agropecu\u00e1rias no mercado e trabalho, o campus Valen\u00e7a estabeleceu uma parceria com a Empresa Valen\u00e7a da Bahia Maricultura S\/A, que ap\u00f3s visita e exposi\u00e7\u00e3o sobre a Empresa no <em>Campus <\/em>anunciou a Sele\u00e7\u00e3o para a contrata\u00e7\u00e3o de 10 profissionais para o quadro da Empresa.<\/p>\n<p>A primeira etapa da sele\u00e7\u00e3o foi a an\u00e1lise de <em>Curriculum<\/em>. Para a Segunda fase, 26 candidatos foram selecionados para a entrevista nas instala\u00e7\u00f5es da Empresa nos dias 02, 03 e 05 de mar\u00e7o.\u00a0 Os dez candidatos aprovados ser\u00e3o absorvidos pela Empresa atuando como Inspetor de qualidade no beneficiamento de camar\u00f5es.<\/p>\n<p>Discutindo o fortalecimento da parceria, o Instituto e a Empresa j\u00e1 pensam em oferecer, no curr\u00edculo escolar, forma\u00e7\u00e3o espec\u00edfica para esta \u00e1rea de atua\u00e7\u00e3o.<\/p>\n<p>Segundo o Coordenador de Est\u00e1gio do <em>Campus<\/em>, o Professor Antonio Jorge Menezes, outras a\u00e7\u00f5es est\u00e3o sendo desenvolvidas para a inser\u00e7\u00e3o dos demais formandos no mercado de trabalho. O professor afirma que o <em>Campus<\/em> j\u00e1 est\u00e1 estabelecendo o di\u00e1logo com Empresas que sempre absorveram nossos profissionais e pretendes manter a parceria.<\/p>\n<p>&nbsp;<\/p>\n<p>&nbsp;<\/p>\n<p>&nbsp;<\/p>\n","protected":false},"excerpt":{"rendered":"<p>Visando a inser\u00e7\u00e3o dos alunos formados do Curso T\u00e9cnico subseq\u00fcente em Agropecu\u00e1rias no mercado e trabalho, o campus Valen\u00e7a estabeleceu uma parceria com a Empresa Valen\u00e7a da Bahia Maricultura S\/A, que ap\u00f3s visita e exposi\u00e7\u00e3o sobre a Empresa no Campus anunciou a Sele\u00e7\u00e3o para a contrata\u00e7\u00e3o de 10 profissionais para o quadro da Empresa. A [&hellip;]<\/p>\n","protected":false},"author":6,"featured_media":0,"comment_status":"open","ping_status":"open","sticky":false,"template":"","format":"standard","meta":[],"categories":[30],"tags":[],"_links":{"self":[{"href":"https:\/\/www.ifbaiano.edu.br\/unidades\/valenca\/wp-json\/wp\/v2\/posts\/1473"}],"collection":[{"href":"https:\/\/www.ifbaiano.edu.br\/unidades\/valenca\/wp-json\/wp\/v2\/posts"}],"about":[{"href":"https:\/\/www.ifbaiano.edu.br\/unidades\/valenca\/wp-json\/wp\/v2\/types\/post"}],"author":[{"embeddable":true,"href":"https:\/\/www.ifbaiano.edu.br\/unidades\/valenca\/wp-json\/wp\/v2\/users\/6"}],"replies":[{"embeddable":true,"href":"https:\/\/www.ifbaiano.edu.br\/unidades\/valenca\/wp-json\/wp\/v2\/comments?post=1473"}],"version-history":[{"count":3,"href":"https:\/\/www.ifbaiano.edu.br\/unidades\/valenca\/wp-json\/wp\/v2\/posts\/1473\/revisions"}],"predecessor-version":[{"id":1501,"href":"https:\/\/www.ifbaiano.edu.br\/unidades\/valenca\/wp-json\/wp\/v2\/posts\/1473\/revisions\/1501"}],"wp:attachment":[{"href":"https:\/\/www.ifbaiano.edu.br\/unidades\/valenca\/wp-json\/wp\/v2\/media?parent=1473"}],"wp:term":[{"taxonomy":"category","embeddable":true,"href":"https:\/\/www.ifbaiano.edu.br\/unidades\/valenca\/wp-json\/wp\/v2\/categories?post=1473"},{"taxonomy":"post_tag","embeddable":true,"href":"https:\/\/www.ifbaiano.edu.br\/unidades\/valenca\/wp-json\/wp\/v2\/tags?post=1473"}],"curies":[{"name":"wp","href":"https:\/\/api.w.org\/{rel}","templated":true}]}}