{"id":1475,"date":"2012-03-05T07:38:08","date_gmt":"2012-03-05T07:38:08","guid":{"rendered":"http:\/\/www.ifbaiano.edu.br\/unidades\/valenca\/?p=1475"},"modified":"2012-03-08T13:02:19","modified_gmt":"2012-03-08T13:02:19","slug":"fundado-o-novo-gremio-estudantil-do-campus-valenca","status":"publish","type":"post","link":"https:\/\/www.ifbaiano.edu.br\/unidades\/valenca\/2012\/03\/05\/fundado-o-novo-gremio-estudantil-do-campus-valenca\/","title":{"rendered":"Fundado o Novo Gr\u00eamio Estudantil do Campus Valen\u00e7a"},"content":{"rendered":"<p style=\"text-align: left\" align=\"center\">Na tarde do \u00faltimo dia 24\/02, estudantes do <em>Campus<\/em> Valen\u00e7a, em assembleia extraordin\u00e1ria, encerraram o Gr\u00eamio Estudantis que atuava no <em>Campus<\/em>, mas pertencia \u00e0 antiga EMARC; e fundaram o novo <strong>Gr\u00eamio Estudantil do IF Baiano <em>Campus <\/em>Valen\u00e7a<\/strong>, que mant\u00e9m o nome do Gr\u00eamio extinto: <strong>GEELLS \u2013<br \/>\nGr\u00eamio Estudantil Edson Luis de Lima Souto<\/strong>.<\/p>\n<p>Segundo o aluno Matheus Cunha \u201c<em>o Gr\u00eamio mant\u00e9m o nome, mas tr\u00e1s uma nova roupagem e um estatuto totalmente inovador, aprovado por unanimidade pelos estudantes do campus. O CEELLS pretende ser uma ferramenta de apoio no processo de implanta\u00e7\u00e3o e manuten\u00e7\u00e3o de Programas de Assist\u00eancia Estudantil e de Pol\u00edticas de Diversidade e Inclus\u00e3o no IF Baiano\u201d<\/em>. Ainda segundo o estudante, <em>\u201ca nova entidade estudantil ter\u00e1 como um dos seus objetivos fomentar a cria\u00e7\u00e3o de novos gr\u00eamios estudantis na Rede IF Baiano e buscar tamb\u00e9m a uni\u00e3o da classe estudantil de todo o Instituto<\/em>\u201d.<\/p>\n<p>As elei\u00e7\u00f5es para nova Presid\u00eancia do Novo Gr\u00eamio aconteceram na \u00faltima quinta-feira (01\/03) e com 96,10% foi eleita a chapa \u201cUma Nova Era um Novo Rumo\u201d, que administrar\u00e1 pelos pr\u00f3ximos 02 anos; e para o Conselho Fiscal do\u00a0GEELLS, na qual foi eleita a chapa\u201d Dinamizar e democratizar\u201d com 95% dos votos.<\/p>\n","protected":false},"excerpt":{"rendered":"<p>Na tarde do \u00faltimo dia 24\/02, estudantes do Campus Valen\u00e7a, em assembleia extraordin\u00e1ria, encerraram o Gr\u00eamio Estudantis que atuava no Campus, mas pertencia \u00e0 antiga EMARC; e fundaram o novo Gr\u00eamio Estudantil do IF Baiano Campus Valen\u00e7a, que mant\u00e9m o nome do Gr\u00eamio extinto: GEELLS \u2013 Gr\u00eamio Estudantil Edson Luis de Lima Souto. Segundo o [&hellip;]<\/p>\n","protected":false},"author":6,"featured_media":0,"comment_status":"open","ping_status":"open","sticky":false,"template":"","format":"standard","meta":[],"categories":[43],"tags":[],"_links":{"self":[{"href":"https:\/\/www.ifbaiano.edu.br\/unidades\/valenca\/wp-json\/wp\/v2\/posts\/1475"}],"collection":[{"href":"https:\/\/www.ifbaiano.edu.br\/unidades\/valenca\/wp-json\/wp\/v2\/posts"}],"about":[{"href":"https:\/\/www.ifbaiano.edu.br\/unidades\/valenca\/wp-json\/wp\/v2\/types\/post"}],"author":[{"embeddable":true,"href":"https:\/\/www.ifbaiano.edu.br\/unidades\/valenca\/wp-json\/wp\/v2\/users\/6"}],"replies":[{"embeddable":true,"href":"https:\/\/www.ifbaiano.edu.br\/unidades\/valenca\/wp-json\/wp\/v2\/comments?post=1475"}],"version-history":[{"count":5,"href":"https:\/\/www.ifbaiano.edu.br\/unidades\/valenca\/wp-json\/wp\/v2\/posts\/1475\/revisions"}],"predecessor-version":[{"id":1482,"href":"https:\/\/www.ifbaiano.edu.br\/unidades\/valenca\/wp-json\/wp\/v2\/posts\/1475\/revisions\/1482"}],"wp:attachment":[{"href":"https:\/\/www.ifbaiano.edu.br\/unidades\/valenca\/wp-json\/wp\/v2\/media?parent=1475"}],"wp:term":[{"taxonomy":"category","embeddable":true,"href":"https:\/\/www.ifbaiano.edu.br\/unidades\/valenca\/wp-json\/wp\/v2\/categories?post=1475"},{"taxonomy":"post_tag","embeddable":true,"href":"https:\/\/www.ifbaiano.edu.br\/unidades\/valenca\/wp-json\/wp\/v2\/tags?post=1475"}],"curies":[{"name":"wp","href":"https:\/\/api.w.org\/{rel}","templated":true}]}}