{"id":1483,"date":"2012-03-05T07:46:25","date_gmt":"2012-03-05T07:46:25","guid":{"rendered":"http:\/\/www.ifbaiano.edu.br\/unidades\/valenca\/?p=1483"},"modified":"2012-03-05T06:08:50","modified_gmt":"2012-03-05T06:08:50","slug":"campus-valenca-realiza-aula-inaugural-do-curso-tecnico-de-servicos-publicos-na-modalidade-ead","status":"publish","type":"post","link":"https:\/\/www.ifbaiano.edu.br\/unidades\/valenca\/2012\/03\/05\/campus-valenca-realiza-aula-inaugural-do-curso-tecnico-de-servicos-publicos-na-modalidade-ead\/","title":{"rendered":"Campus Valen\u00e7a realiza Aula Inaugural do Curso T\u00e9cnico de Servi\u00e7os P\u00fablicos na modalidade EAD"},"content":{"rendered":"<p>O Campus Valen\u00e7a realizada na noite deste <strong>dia 05\/03 a Aula Inaugural do Curso T\u00e9cnico\u00a0 de Servi\u00e7os P\u00fablicos <\/strong>na modalidade EaD. Este \u00e9 o terceiro Curso T\u00e9cnico a Dist\u00e2ncia oferecido pelo <em>Campus<\/em> em parceria com o IFParan\u00e1.<\/p>\n<div><strong>A atividade ter\u00e1 inicio \u00e0s 19:00h, na sala do EAD no pr\u00f3prio Campus, que fica na Rua Glic\u00e9rio Tavares, s\/n, Bairro Bate Quente,<br \/>\nValen\u00e7a-Ba.<\/strong><\/div>\n<div><strong><\/strong><\/div>\n<div>Para o Tutor do curso, o Professor Cleber de Jesus Figueiredo<em>, \u201cformar profissionais qualificados para o mercado de trabalho \u00e9 uma exig\u00eancia\u00a0 que vem se tornando uma realidade cada vez mais consistente, e a Educa\u00e7\u00e3o a dist\u00e2ncia &#8211; EAD tem sido vista como uma aliada neste processo\u201d.<\/em> Segundo ele, <em>\u201cobserva-se a necessidade de implementar um Curso de Gest\u00e3o na modalidade\u00a0 a dist\u00e2ncia voltado diretamente aos profissionais que poder\u00e3o desenvolver suas<br \/>\natividades na \u00e1rea p\u00fablica, com a finalidade de equiparar as caracter\u00edsticas de uma Gest\u00e3o Privada qualificada \u00e0s necessidades de uma Gest\u00e3o P\u00fablica<br \/>\neficiente\u201d.<\/em><\/div>\n<div><em><\/em><\/div>\n<div>O curso ter\u00e1 dura\u00e7\u00e3o de dois anos e ser\u00e1 dividido em cinco m\u00f3dulos atingindo uma carga hor\u00e1ria de 960 horas.<\/div>\n","protected":false},"excerpt":{"rendered":"<p>O Campus Valen\u00e7a realizada na noite deste dia 05\/03 a Aula Inaugural do Curso T\u00e9cnico\u00a0 de Servi\u00e7os P\u00fablicos na modalidade EaD. Este \u00e9 o terceiro Curso T\u00e9cnico a Dist\u00e2ncia oferecido pelo Campus em parceria com o IFParan\u00e1. A atividade ter\u00e1 inicio \u00e0s 19:00h, na sala do EAD no pr\u00f3prio Campus, que fica na Rua Glic\u00e9rio [&hellip;]<\/p>\n","protected":false},"author":6,"featured_media":0,"comment_status":"open","ping_status":"open","sticky":false,"template":"","format":"standard","meta":[],"categories":[4,44],"tags":[],"_links":{"self":[{"href":"https:\/\/www.ifbaiano.edu.br\/unidades\/valenca\/wp-json\/wp\/v2\/posts\/1483"}],"collection":[{"href":"https:\/\/www.ifbaiano.edu.br\/unidades\/valenca\/wp-json\/wp\/v2\/posts"}],"about":[{"href":"https:\/\/www.ifbaiano.edu.br\/unidades\/valenca\/wp-json\/wp\/v2\/types\/post"}],"author":[{"embeddable":true,"href":"https:\/\/www.ifbaiano.edu.br\/unidades\/valenca\/wp-json\/wp\/v2\/users\/6"}],"replies":[{"embeddable":true,"href":"https:\/\/www.ifbaiano.edu.br\/unidades\/valenca\/wp-json\/wp\/v2\/comments?post=1483"}],"version-history":[{"count":2,"href":"https:\/\/www.ifbaiano.edu.br\/unidades\/valenca\/wp-json\/wp\/v2\/posts\/1483\/revisions"}],"predecessor-version":[{"id":1485,"href":"https:\/\/www.ifbaiano.edu.br\/unidades\/valenca\/wp-json\/wp\/v2\/posts\/1483\/revisions\/1485"}],"wp:attachment":[{"href":"https:\/\/www.ifbaiano.edu.br\/unidades\/valenca\/wp-json\/wp\/v2\/media?parent=1483"}],"wp:term":[{"taxonomy":"category","embeddable":true,"href":"https:\/\/www.ifbaiano.edu.br\/unidades\/valenca\/wp-json\/wp\/v2\/categories?post=1483"},{"taxonomy":"post_tag","embeddable":true,"href":"https:\/\/www.ifbaiano.edu.br\/unidades\/valenca\/wp-json\/wp\/v2\/tags?post=1483"}],"curies":[{"name":"wp","href":"https:\/\/api.w.org\/{rel}","templated":true}]}}