{"id":1489,"date":"2012-03-07T19:44:19","date_gmt":"2012-03-07T19:44:19","guid":{"rendered":"http:\/\/www.ifbaiano.edu.br\/unidades\/valenca\/?p=1489"},"modified":"2012-03-26T11:52:37","modified_gmt":"2012-03-26T11:52:37","slug":"campus-valenca-oferece-aulas-de-karate-para-jovens-da-comunidade-em-parceria-com-a-prefeitura-municipal","status":"publish","type":"post","link":"https:\/\/www.ifbaiano.edu.br\/unidades\/valenca\/2012\/03\/07\/campus-valenca-oferece-aulas-de-karate-para-jovens-da-comunidade-em-parceria-com-a-prefeitura-municipal\/","title":{"rendered":"C\u00e2mpus Valen\u00e7a oferece aulas de Karat\u00ea para jovens da comunidade em parceria com a Prefeitura Municipal"},"content":{"rendered":"<p style=\"text-align: left\" align=\"center\"><strong>O C\u00e2mpus Valen\u00e7a oferecer\u00e1<\/strong> <strong>aulas gratuitas de Karat\u00ea-do Tradicional para jovens da comunidade<\/strong> <strong>em parceria com a Prefeitura Municipal de Valen\u00e7a<\/strong>. As aulas ser\u00e3o ministradas pelo professor de Educa\u00e7\u00e3o F\u00edsica do <em>Campus<\/em>, Cleber de Jesus Figueiredo \u2013 2\u00ba DAN. \u00a0S\u00e3o disponibilizadas 40 vagas por turma (vinte para o sexo feminino e vinte para o sexo masculino).<\/p>\n<p>\u00a0As aulas acontecer\u00e3o no Audit\u00f3rio do <em>Campus<\/em> Valen\u00e7a (Rua Glic\u00e9rio Tavares, Bairro Bate Quente) as ter\u00e7as e quintas-feiras, nos turnos matutinos<br \/>\n(das 10:00h \u00e0s 11:00h) e vespertino (das 14:00 \u00e0s 15:00h) respectivamente.<\/p>\n<p><strong>As<\/strong> <strong>inscri\u00e7\u00f5es acontecem entre os dias 12 e 16 de mar\u00e7o, no CRAS BAIXA ALEGRE (<\/strong><strong>Rua Direta Baixa Alegre, N\u00ba 293), no<br \/>\nhor\u00e1rio administrativo<\/strong>. Apenas os pais ou respons\u00e1veis podem efetuar a inscri\u00e7\u00e3o dos alunos interessados. Ser\u00e3o inscritos at\u00e9 60 alunos (duas vezes o n\u00famero de vagas), mas s\u00f3 ser\u00e3o homologadas 40 inscritos. Para tanto, ser\u00e3o seguidos os seguintes crit\u00e9rios:<\/p>\n<ul>\n<li>O candidato deve ter entre 09 e 15 anos de idade;<\/li>\n<li>Estar devidamente matriculado no Ensino b\u00e1sico;<\/li>\n<li>Ter compromisso com as atividades escolares;<\/li>\n<li>Ser cadastrado em\u00a0Projetos Sociais j\u00e1 desenvolvidos pela Prefeitura\u00a0Municipal de Valen\u00e7a como: Pro Jovem, PET&#8230;<\/li>\n<\/ul>\n<p><strong>As aulas ter\u00e3o inicio no dia 17 de abril. <\/strong><\/p>\n<p>&nbsp;<\/p>\n<p align=\"right\">Por: L\u00edvia<br \/>\nTosta<\/p>\n<p>&nbsp;<\/p>\n<p>&nbsp;<\/p>\n<p>&nbsp;<\/p>\n","protected":false},"excerpt":{"rendered":"<p>O C\u00e2mpus Valen\u00e7a oferecer\u00e1 aulas gratuitas de Karat\u00ea-do Tradicional para jovens da comunidade em parceria com a Prefeitura Municipal de Valen\u00e7a. As aulas ser\u00e3o ministradas pelo professor de Educa\u00e7\u00e3o F\u00edsica do Campus, Cleber de Jesus Figueiredo \u2013 2\u00ba DAN. \u00a0S\u00e3o disponibilizadas 40 vagas por turma (vinte para o sexo feminino e vinte para o sexo [&hellip;]<\/p>\n","protected":false},"author":6,"featured_media":0,"comment_status":"open","ping_status":"open","sticky":false,"template":"","format":"standard","meta":[],"categories":[26],"tags":[],"_links":{"self":[{"href":"https:\/\/www.ifbaiano.edu.br\/unidades\/valenca\/wp-json\/wp\/v2\/posts\/1489"}],"collection":[{"href":"https:\/\/www.ifbaiano.edu.br\/unidades\/valenca\/wp-json\/wp\/v2\/posts"}],"about":[{"href":"https:\/\/www.ifbaiano.edu.br\/unidades\/valenca\/wp-json\/wp\/v2\/types\/post"}],"author":[{"embeddable":true,"href":"https:\/\/www.ifbaiano.edu.br\/unidades\/valenca\/wp-json\/wp\/v2\/users\/6"}],"replies":[{"embeddable":true,"href":"https:\/\/www.ifbaiano.edu.br\/unidades\/valenca\/wp-json\/wp\/v2\/comments?post=1489"}],"version-history":[{"count":6,"href":"https:\/\/www.ifbaiano.edu.br\/unidades\/valenca\/wp-json\/wp\/v2\/posts\/1489\/revisions"}],"predecessor-version":[{"id":1605,"href":"https:\/\/www.ifbaiano.edu.br\/unidades\/valenca\/wp-json\/wp\/v2\/posts\/1489\/revisions\/1605"}],"wp:attachment":[{"href":"https:\/\/www.ifbaiano.edu.br\/unidades\/valenca\/wp-json\/wp\/v2\/media?parent=1489"}],"wp:term":[{"taxonomy":"category","embeddable":true,"href":"https:\/\/www.ifbaiano.edu.br\/unidades\/valenca\/wp-json\/wp\/v2\/categories?post=1489"},{"taxonomy":"post_tag","embeddable":true,"href":"https:\/\/www.ifbaiano.edu.br\/unidades\/valenca\/wp-json\/wp\/v2\/tags?post=1489"}],"curies":[{"name":"wp","href":"https:\/\/api.w.org\/{rel}","templated":true}]}}