{"id":1497,"date":"2012-03-08T12:40:02","date_gmt":"2012-03-08T12:40:02","guid":{"rendered":"http:\/\/www.ifbaiano.edu.br\/unidades\/valenca\/?p=1497"},"modified":"2012-03-08T12:40:02","modified_gmt":"2012-03-08T12:40:02","slug":"dia-internacional-da-mulher-e-comemorado-com-muita-reflexao-e-descontracao-pelas-alunas-do-programa-mulheres-mil-no-campus-valenca","status":"publish","type":"post","link":"https:\/\/www.ifbaiano.edu.br\/unidades\/valenca\/2012\/03\/08\/dia-internacional-da-mulher-e-comemorado-com-muita-reflexao-e-descontracao-pelas-alunas-do-programa-mulheres-mil-no-campus-valenca\/","title":{"rendered":"Dia Internacional da Mulher \u00e9 comemorado com muita reflex\u00e3o e descontra\u00e7\u00e3o pelas alunas do Programa Mulheres Mil no C\u00e2mpus Valen\u00e7a"},"content":{"rendered":"<p style=\"text-align: left\" align=\"center\"><strong>\u00a0<\/strong>O C\u00e2mpus Valen\u00e7a antecipou a comemora\u00e7\u00e3o do Dia Internacional da Mulher promovendo uma palestra com a Pedagoga <em>Ros\u00e2ngela G\u00f3is de Queir\u00f3s Figueiredo<\/em> sobre \u201cO <em>Universo Feminino no Mundo Atual: Quem \u00e9 a nova mulher?\u201d, ontem (07\/03) no Audit\u00f3rio do C\u00e2mpus.<\/em><\/p>\n<p><em>O Evento foi \u00a0<\/em>destinado \u00e0s estudantes do Programa Mulheres Mil atrav\u00e9s do Sub-projeto: VALENCIANAS MIL e a todas as servidoras do C\u00e2mpus<strong>.<\/strong><\/p>\n<p><em>Ao final os presentes participaram de um coffee break e as estudantes foram contempladas com um quite (pasta, caderno, caneta e l\u00e1pis)\u00a0 pela equipe do<br \/>\nPrograma.<\/em><\/p>\n<p><em>Todo o evento transcorreu em clima de grande descontra\u00e7\u00e3o e reflex\u00e3o. As estudantes expressaram o orgulho de ser mulher e de fazer parte <\/em>do Programa Mulheres Mil. <strong><\/strong><\/p>\n","protected":false},"excerpt":{"rendered":"<p>\u00a0O C\u00e2mpus Valen\u00e7a antecipou a comemora\u00e7\u00e3o do Dia Internacional da Mulher promovendo uma palestra com a Pedagoga Ros\u00e2ngela G\u00f3is de Queir\u00f3s Figueiredo sobre \u201cO Universo Feminino no Mundo Atual: Quem \u00e9 a nova mulher?\u201d, ontem (07\/03) no Audit\u00f3rio do C\u00e2mpus. O Evento foi \u00a0destinado \u00e0s estudantes do Programa Mulheres Mil atrav\u00e9s do Sub-projeto: VALENCIANAS MIL [&hellip;]<\/p>\n","protected":false},"author":6,"featured_media":0,"comment_status":"open","ping_status":"open","sticky":false,"template":"","format":"standard","meta":[],"categories":[42],"tags":[],"_links":{"self":[{"href":"https:\/\/www.ifbaiano.edu.br\/unidades\/valenca\/wp-json\/wp\/v2\/posts\/1497"}],"collection":[{"href":"https:\/\/www.ifbaiano.edu.br\/unidades\/valenca\/wp-json\/wp\/v2\/posts"}],"about":[{"href":"https:\/\/www.ifbaiano.edu.br\/unidades\/valenca\/wp-json\/wp\/v2\/types\/post"}],"author":[{"embeddable":true,"href":"https:\/\/www.ifbaiano.edu.br\/unidades\/valenca\/wp-json\/wp\/v2\/users\/6"}],"replies":[{"embeddable":true,"href":"https:\/\/www.ifbaiano.edu.br\/unidades\/valenca\/wp-json\/wp\/v2\/comments?post=1497"}],"version-history":[{"count":2,"href":"https:\/\/www.ifbaiano.edu.br\/unidades\/valenca\/wp-json\/wp\/v2\/posts\/1497\/revisions"}],"predecessor-version":[{"id":1500,"href":"https:\/\/www.ifbaiano.edu.br\/unidades\/valenca\/wp-json\/wp\/v2\/posts\/1497\/revisions\/1500"}],"wp:attachment":[{"href":"https:\/\/www.ifbaiano.edu.br\/unidades\/valenca\/wp-json\/wp\/v2\/media?parent=1497"}],"wp:term":[{"taxonomy":"category","embeddable":true,"href":"https:\/\/www.ifbaiano.edu.br\/unidades\/valenca\/wp-json\/wp\/v2\/categories?post=1497"},{"taxonomy":"post_tag","embeddable":true,"href":"https:\/\/www.ifbaiano.edu.br\/unidades\/valenca\/wp-json\/wp\/v2\/tags?post=1497"}],"curies":[{"name":"wp","href":"https:\/\/api.w.org\/{rel}","templated":true}]}}