{"id":1504,"date":"2012-03-12T23:11:50","date_gmt":"2012-03-12T23:11:50","guid":{"rendered":"http:\/\/www.ifbaiano.edu.br\/unidades\/valenca\/?p=1504"},"modified":"2012-03-14T13:21:07","modified_gmt":"2012-03-14T13:21:07","slug":"novos-representantes-do-gremio-estudantil-serao-empossados-nesta-terca-feira","status":"publish","type":"post","link":"https:\/\/www.ifbaiano.edu.br\/unidades\/valenca\/2012\/03\/12\/novos-representantes-do-gremio-estudantil-serao-empossados-nesta-terca-feira\/","title":{"rendered":"Nova diretoria do Gr\u00eamio Estudantil ser\u00e1 empossada nesta ter\u00e7a-feira"},"content":{"rendered":"<p>Os estudantes eleitos pela comunidade discente do C\u00e2mpus Valen\u00e7a para represent\u00e1-la no Novo Gr\u00eamio Estudantil durante a gest\u00e3o de 2012\/2013\u00a0ser\u00e3o empossados nesta ter\u00e7a-feira (13\/03) \u00e0s 09:00h, no Audit\u00f3rio do C\u00e2mpus.<\/p>\n<p>A Cerim\u00f4nia contar\u00e1 com a presen\u00e7a do Magn\u00edfico Reitor, Sebasti\u00e3o Edson Moura.<\/p>\n<p>O Novo Gr\u00eamio Estudantil do IF Baiano <em>Campus <\/em>Valen\u00e7a foi fundado no dia 24\/02\/2012, mas conservou o nome do Gr\u00eamio extinto: GEELLS \u2013 Gr\u00eamio Estudantil\u00a0Edson Luis de Lima Souto.<\/p>\n<p>Na oportunidade tamb\u00e9m ser\u00e1 realizada uma homenagem aos alunos do C\u00e2mpus que foram aprovados em vestibulares.<\/p>\n<p>Toda a comunidade escolar est\u00e1 convidada a participar do Evento.<\/p>\n<p><strong>\u00a0<a href=\"http:\/\/www.ifbaiano.edu.br\/unidades\/valenca\/files\/2012\/03\/convite-para-posse.jpg\"><img decoding=\"async\" loading=\"lazy\" class=\"aligncenter size-medium wp-image-1511\" src=\"http:\/\/www.ifbaiano.edu.br\/unidades\/valenca\/files\/2012\/03\/convite-para-posse-300x215.jpg\" alt=\"convite para posse\" width=\"300\" height=\"215\" srcset=\"https:\/\/www.ifbaiano.edu.br\/unidades\/valenca\/files\/2012\/03\/convite-para-posse-300x215.jpg 300w, https:\/\/www.ifbaiano.edu.br\/unidades\/valenca\/files\/2012\/03\/convite-para-posse-1024x736.jpg 1024w, https:\/\/www.ifbaiano.edu.br\/unidades\/valenca\/files\/2012\/03\/convite-para-posse-400x287.jpg 400w\" sizes=\"(max-width: 300px) 100vw, 300px\" \/><\/a><\/strong><\/p>\n","protected":false},"excerpt":{"rendered":"<p>Os estudantes eleitos pela comunidade discente do C\u00e2mpus Valen\u00e7a para represent\u00e1-la no Novo Gr\u00eamio Estudantil durante a gest\u00e3o de 2012\/2013\u00a0ser\u00e3o empossados nesta ter\u00e7a-feira (13\/03) \u00e0s 09:00h, no Audit\u00f3rio do C\u00e2mpus. A Cerim\u00f4nia contar\u00e1 com a presen\u00e7a do Magn\u00edfico Reitor, Sebasti\u00e3o Edson Moura. O Novo Gr\u00eamio Estudantil do IF Baiano Campus Valen\u00e7a foi fundado no dia [&hellip;]<\/p>\n","protected":false},"author":6,"featured_media":0,"comment_status":"open","ping_status":"open","sticky":false,"template":"","format":"standard","meta":[],"categories":[43],"tags":[],"_links":{"self":[{"href":"https:\/\/www.ifbaiano.edu.br\/unidades\/valenca\/wp-json\/wp\/v2\/posts\/1504"}],"collection":[{"href":"https:\/\/www.ifbaiano.edu.br\/unidades\/valenca\/wp-json\/wp\/v2\/posts"}],"about":[{"href":"https:\/\/www.ifbaiano.edu.br\/unidades\/valenca\/wp-json\/wp\/v2\/types\/post"}],"author":[{"embeddable":true,"href":"https:\/\/www.ifbaiano.edu.br\/unidades\/valenca\/wp-json\/wp\/v2\/users\/6"}],"replies":[{"embeddable":true,"href":"https:\/\/www.ifbaiano.edu.br\/unidades\/valenca\/wp-json\/wp\/v2\/comments?post=1504"}],"version-history":[{"count":14,"href":"https:\/\/www.ifbaiano.edu.br\/unidades\/valenca\/wp-json\/wp\/v2\/posts\/1504\/revisions"}],"predecessor-version":[{"id":1553,"href":"https:\/\/www.ifbaiano.edu.br\/unidades\/valenca\/wp-json\/wp\/v2\/posts\/1504\/revisions\/1553"}],"wp:attachment":[{"href":"https:\/\/www.ifbaiano.edu.br\/unidades\/valenca\/wp-json\/wp\/v2\/media?parent=1504"}],"wp:term":[{"taxonomy":"category","embeddable":true,"href":"https:\/\/www.ifbaiano.edu.br\/unidades\/valenca\/wp-json\/wp\/v2\/categories?post=1504"},{"taxonomy":"post_tag","embeddable":true,"href":"https:\/\/www.ifbaiano.edu.br\/unidades\/valenca\/wp-json\/wp\/v2\/tags?post=1504"}],"curies":[{"name":"wp","href":"https:\/\/api.w.org\/{rel}","templated":true}]}}