{"id":1506,"date":"2012-03-12T23:17:49","date_gmt":"2012-03-12T23:17:49","guid":{"rendered":"http:\/\/www.ifbaiano.edu.br\/unidades\/valenca\/?p=1506"},"modified":"2012-03-22T15:11:33","modified_gmt":"2012-03-22T15:11:33","slug":"1506","status":"publish","type":"post","link":"https:\/\/www.ifbaiano.edu.br\/unidades\/valenca\/2012\/03\/12\/1506\/","title":{"rendered":"Curso sobre No\u00e7\u00f5es de Georreferenciamento: uso do GPS \u00e9 alterado para os dias 15 e 16\/03"},"content":{"rendered":"<p style=\"text-align: left\" align=\"center\">O campus Valen\u00e7a promover\u00e1 para os alunos do 4\u00ba per\u00edodo do curso de agropecu\u00e1ria o <strong>curso sobre No\u00e7\u00f5es de <\/strong><strong>Georreferenciamento<\/strong><strong>: uso do GPS, <\/strong>uma ferramenta indispens\u00e1vel e que faz parte do cotidiano de quem trabalha no campo coletando informa\u00e7\u00f5es.<strong><\/strong><\/p>\n<p>O curso ser\u00e1 ministrado pelo professor<strong> <\/strong>Mecaniza\u00e7\u00e3o Agr\u00edcola, Emmanoel Barbosa, <strong>nos<\/strong> <strong>dias 15 e 16\/03 no per\u00edodo vespertino<\/strong>, com previs\u00e3o de in\u00edcio \u00e0s 13h30min e termino \u00e0s 17h30min.<\/p>\n","protected":false},"excerpt":{"rendered":"<p>O campus Valen\u00e7a promover\u00e1 para os alunos do 4\u00ba per\u00edodo do curso de agropecu\u00e1ria o curso sobre No\u00e7\u00f5es de Georreferenciamento: uso do GPS, uma ferramenta indispens\u00e1vel e que faz parte do cotidiano de quem trabalha no campo coletando informa\u00e7\u00f5es. O curso ser\u00e1 ministrado pelo professor Mecaniza\u00e7\u00e3o Agr\u00edcola, Emmanoel Barbosa, nos dias 15 e 16\/03 no [&hellip;]<\/p>\n","protected":false},"author":6,"featured_media":0,"comment_status":"open","ping_status":"open","sticky":false,"template":"","format":"standard","meta":[],"categories":[60],"tags":[],"_links":{"self":[{"href":"https:\/\/www.ifbaiano.edu.br\/unidades\/valenca\/wp-json\/wp\/v2\/posts\/1506"}],"collection":[{"href":"https:\/\/www.ifbaiano.edu.br\/unidades\/valenca\/wp-json\/wp\/v2\/posts"}],"about":[{"href":"https:\/\/www.ifbaiano.edu.br\/unidades\/valenca\/wp-json\/wp\/v2\/types\/post"}],"author":[{"embeddable":true,"href":"https:\/\/www.ifbaiano.edu.br\/unidades\/valenca\/wp-json\/wp\/v2\/users\/6"}],"replies":[{"embeddable":true,"href":"https:\/\/www.ifbaiano.edu.br\/unidades\/valenca\/wp-json\/wp\/v2\/comments?post=1506"}],"version-history":[{"count":6,"href":"https:\/\/www.ifbaiano.edu.br\/unidades\/valenca\/wp-json\/wp\/v2\/posts\/1506\/revisions"}],"predecessor-version":[{"id":1560,"href":"https:\/\/www.ifbaiano.edu.br\/unidades\/valenca\/wp-json\/wp\/v2\/posts\/1506\/revisions\/1560"}],"wp:attachment":[{"href":"https:\/\/www.ifbaiano.edu.br\/unidades\/valenca\/wp-json\/wp\/v2\/media?parent=1506"}],"wp:term":[{"taxonomy":"category","embeddable":true,"href":"https:\/\/www.ifbaiano.edu.br\/unidades\/valenca\/wp-json\/wp\/v2\/categories?post=1506"},{"taxonomy":"post_tag","embeddable":true,"href":"https:\/\/www.ifbaiano.edu.br\/unidades\/valenca\/wp-json\/wp\/v2\/tags?post=1506"}],"curies":[{"name":"wp","href":"https:\/\/api.w.org\/{rel}","templated":true}]}}