{"id":1523,"date":"2012-03-13T13:39:02","date_gmt":"2012-03-13T13:39:02","guid":{"rendered":"http:\/\/www.ifbaiano.edu.br\/unidades\/valenca\/?p=1523"},"modified":"2012-03-15T18:11:29","modified_gmt":"2012-03-15T18:11:29","slug":"confira-edital-de-retificacao-para-selecao-de-estagiarios-para-nivel-superior-e-medio-para-o-campus-valenca","status":"publish","type":"post","link":"https:\/\/www.ifbaiano.edu.br\/unidades\/valenca\/2012\/03\/13\/confira-edital-de-retificacao-para-selecao-de-estagiarios-para-nivel-superior-e-medio-para-o-campus-valenca\/","title":{"rendered":"Confira Edital de retifica\u00e7\u00e3o para Sele\u00e7\u00e3o de Estagi\u00e1rios para N\u00edvel Superior e M\u00e9dio para o C\u00e2mpus Valen\u00e7a"},"content":{"rendered":"<p>O Diretor Geral <em>Pro Tempore<\/em> do IFBaiano c\u00e2mpus Valen\u00e7a, torna p\u00fablica a 1\u00aa retifica\u00e7\u00e3o do Edital n\u00ba 01\/2012, referente ao Processo de Sele\u00e7\u00e3o de Estagi\u00e1rios para o c\u00e2mpus Valen\u00e7a publicado no dia 27 de fevereiro de 2012.<\/p>\n<p><strong>Confira <a href=\"http:\/\/www.ifbaiano.edu.br\/unidades\/valenca\/files\/2012\/03\/edital-retifica-estagio-n-02-2012.pdf\">Edital n\u00ba 02\/2012<\/a><\/strong><\/p>\n<p><strong>\u00a0\u00a0\u00a0\u00a0\u00a0\u00a0\u00a0\u00a0\u00a0\u00a0\u00a0\u00a0\u00a0\u00a0 \u00a0<a href=\"http:\/\/www.ifbaiano.edu.br\/unidades\/valenca\/files\/2012\/03\/edital-retifica-estagio-03-20121.pdf\">Edital n\u00ba 03\/2012<\/a><\/strong><\/p>\n<p>O Processo Seletivo destina-se \u00e0 contrata\u00e7\u00e3o de Estagi\u00e1rios estudantes de N\u00edvel Superior nas \u00e1reas de Direito, Sistema de Informa\u00e7\u00e3o, Pedagogia e N\u00edvel M\u00e9dio para atuarem no Instituto Federal de Educa\u00e7\u00e3o Ci\u00eancia e Tecnologia Baiano &#8211;\u00a0 Campus Valen\u00e7a.<\/p>\n<p>Estar\u00e3o habilitados a concorrerem \u00e0s vagas os candidatos que:<\/p>\n<p>&#8211; Estiverem cursando os per\u00edodos letivos conforme estabelecidos no Edital;<\/p>\n<p>&#8211; Ter disponibilidade de hor\u00e1rio para cumprir o est\u00e1gio;<\/p>\n<p>&#8211; N\u00e3o possuir qualquer tipo de v\u00ednculo com o Instituto Federal Baiano, seja como aluno, professor ou t\u00e9cnico administrativo em educa\u00e7\u00e3o.<\/p>\n<p>&nbsp;<\/p>\n<p>A bolsa-aux\u00edlio varia de R$ 520,00 e aux\u00edlio transporte no valor de R$ 6,00 di\u00e1rios para N\u00edvel Superior com regime de trabalho de 30 horas semanais a R$ 290,00 e aux\u00edlio transporte no valor de R$ 6,00 para N\u00edvel M\u00e9dio com regime de trabalho de 20 horas semanais.<\/p>\n<p>As inscri\u00e7\u00f5es ser\u00e3o realizadas no N\u00facleo de Apoio a Gest\u00e3o de Pessoas (NAGP), no IFBainao Campus Valen\u00e7a (Rua Glic\u00e9rio Tavares s\/n, bairro Bate Quente, Valen\u00e7a-Ba),\u00a0 no per\u00edodo de <strong>19 a <\/strong><strong>23 de mar\u00e7o de 2012. <\/strong><\/p>\n<p>Para inscrever-se o candidato dever\u00e1 protocolar os seguintes documentos no NAGP: c\u00f3pias dos documentos pessoais (CPF e RG); <em>Curriculum Vitae<\/em> simplificado com comprova\u00e7\u00e3o de todas as atividades descritas no mesmo; e\u00a0<a href=\"http:\/\/www.ifbaiano.edu.br\/unidades\/valenca\/files\/2012\/02\/formulario_inscricao_estagio.pdf\">Ficha de Inscri\u00e7\u00e3o<\/a> devidamente preenchida.<\/p>\n<p><strong>Acesse\u00a0<a href=\"http:\/\/www.ifbaiano.edu.br\/unidades\/valenca\/files\/2012\/03\/edital-simplicado-estagio-01-2012-a.pdf\">Edital n\u00ba 01\/2012 <\/a><\/strong><\/p>\n<p><strong><\/strong><strong>Confira quadro de vagas:<\/strong><\/p>\n<table border=\"1\" cellspacing=\"0\" cellpadding=\"0\">\n<tbody>\n<tr>\n<td valign=\"top\" width=\"79\">\n<p align=\"center\"><strong>N\u00ba<\/strong><\/p>\n<p align=\"center\"><strong>VAGAS<\/strong><\/p>\n<\/td>\n<td valign=\"top\" width=\"144\">\n<p align=\"center\"><strong>N\u00cdVEL DE<\/strong><\/p>\n<p align=\"center\"><strong>ESCOLARIDADE<\/strong><\/p>\n<\/td>\n<td valign=\"top\" width=\"353\">\n<p align=\"center\"><strong>\u00c1REA<\/strong><\/p>\n<p align=\"center\"><strong>\u00a0<\/strong><\/p>\n<\/td>\n<\/tr>\n<tr>\n<td valign=\"top\" width=\"79\">02<\/td>\n<td valign=\"top\" width=\"144\">Superior<\/td>\n<td valign=\"top\" width=\"353\">Direito<br \/>\n&#8211; Cursando a partir do 1\u00ba semestre<strong><\/strong><\/td>\n<\/tr>\n<tr>\n<td valign=\"top\" width=\"79\">01<\/td>\n<td valign=\"top\" width=\"144\">Superior<\/td>\n<td valign=\"top\" width=\"353\">Sistema<br \/>\nde Informa\u00e7\u00e3o &#8211; Cursando a partir do 3\u00ba semestre.<strong><\/strong><\/td>\n<\/tr>\n<tr>\n<td valign=\"top\" width=\"79\">01\u201d<\/td>\n<td valign=\"top\" width=\"144\">Superior<\/td>\n<td valign=\"top\" width=\"353\">Pedagogia<br \/>\n&#8211; Cursando a partir do 3\u00ba semestre.<strong><\/strong><\/td>\n<\/tr>\n<tr>\n<td valign=\"top\" width=\"79\">02<\/td>\n<td valign=\"top\" width=\"144\">M\u00e9dio<\/td>\n<td valign=\"top\" width=\"353\">Cursando<br \/>\na partir do 2\u00ba ano do ensino m\u00e9dio<strong><\/strong><\/td>\n<\/tr>\n<\/tbody>\n<\/table>\n","protected":false},"excerpt":{"rendered":"<p>O Diretor Geral Pro Tempore do IFBaiano c\u00e2mpus Valen\u00e7a, torna p\u00fablica a 1\u00aa retifica\u00e7\u00e3o do Edital n\u00ba 01\/2012, referente ao Processo de Sele\u00e7\u00e3o de Estagi\u00e1rios para o c\u00e2mpus Valen\u00e7a publicado no dia 27 de fevereiro de 2012. Confira Edital n\u00ba 02\/2012 \u00a0\u00a0\u00a0\u00a0\u00a0\u00a0\u00a0\u00a0\u00a0\u00a0\u00a0\u00a0\u00a0\u00a0 \u00a0Edital n\u00ba 03\/2012 O Processo Seletivo destina-se \u00e0 contrata\u00e7\u00e3o de Estagi\u00e1rios estudantes de [&hellip;]<\/p>\n","protected":false},"author":6,"featured_media":0,"comment_status":"open","ping_status":"open","sticky":false,"template":"","format":"standard","meta":[],"categories":[5,32],"tags":[],"_links":{"self":[{"href":"https:\/\/www.ifbaiano.edu.br\/unidades\/valenca\/wp-json\/wp\/v2\/posts\/1523"}],"collection":[{"href":"https:\/\/www.ifbaiano.edu.br\/unidades\/valenca\/wp-json\/wp\/v2\/posts"}],"about":[{"href":"https:\/\/www.ifbaiano.edu.br\/unidades\/valenca\/wp-json\/wp\/v2\/types\/post"}],"author":[{"embeddable":true,"href":"https:\/\/www.ifbaiano.edu.br\/unidades\/valenca\/wp-json\/wp\/v2\/users\/6"}],"replies":[{"embeddable":true,"href":"https:\/\/www.ifbaiano.edu.br\/unidades\/valenca\/wp-json\/wp\/v2\/comments?post=1523"}],"version-history":[{"count":12,"href":"https:\/\/www.ifbaiano.edu.br\/unidades\/valenca\/wp-json\/wp\/v2\/posts\/1523\/revisions"}],"predecessor-version":[{"id":1578,"href":"https:\/\/www.ifbaiano.edu.br\/unidades\/valenca\/wp-json\/wp\/v2\/posts\/1523\/revisions\/1578"}],"wp:attachment":[{"href":"https:\/\/www.ifbaiano.edu.br\/unidades\/valenca\/wp-json\/wp\/v2\/media?parent=1523"}],"wp:term":[{"taxonomy":"category","embeddable":true,"href":"https:\/\/www.ifbaiano.edu.br\/unidades\/valenca\/wp-json\/wp\/v2\/categories?post=1523"},{"taxonomy":"post_tag","embeddable":true,"href":"https:\/\/www.ifbaiano.edu.br\/unidades\/valenca\/wp-json\/wp\/v2\/tags?post=1523"}],"curies":[{"name":"wp","href":"https:\/\/api.w.org\/{rel}","templated":true}]}}