{"id":1547,"date":"2012-03-14T13:14:26","date_gmt":"2012-03-14T13:14:26","guid":{"rendered":"http:\/\/www.ifbaiano.edu.br\/unidades\/valenca\/?p=1547"},"modified":"2012-03-14T13:20:03","modified_gmt":"2012-03-14T13:20:03","slug":"comeca-dia-1503-o-periodo-de-renovacao-de-matricula-para-os-estudantes-do-ampus-valenca","status":"publish","type":"post","link":"https:\/\/www.ifbaiano.edu.br\/unidades\/valenca\/2012\/03\/14\/comeca-dia-1503-o-periodo-de-renovacao-de-matricula-para-os-estudantes-do-ampus-valenca\/","title":{"rendered":"Come\u00e7a dia 15\/03 o per\u00edodo de renova\u00e7\u00e3o de matr\u00edcula para os estudantes do C\u00e2mpus Valen\u00e7a"},"content":{"rendered":"<p style=\"text-align: left\" align=\"center\">O per\u00edodo de <strong>renova\u00e7\u00e3o de matr\u00edcula<\/strong> para os cursos da Educa\u00e7\u00e3o Profissional e T\u00e9cnica de N\u00edvel M\u00e9dio e para os alunos do Ensino M\u00e9dio do Campus dar-se-\u00e1 da seguinte forma:<\/p>\n<p style=\"text-align: left\" align=\"center\"><strong>&#8211; Dias 15 e 16 de mar\u00e7o de 2012: alunos aprovados sem recupera\u00e7\u00e3o; <\/strong><\/p>\n<p style=\"text-align: left\" align=\"center\"><strong>&#8211; Dias 29 e 30 de mar\u00e7o: demais estudantes.<\/strong><\/p>\n<p>Para efetivar a renova\u00e7\u00e3o da matr\u00edcula, o estudante ou seu respons\u00e1vel, <strong>dever\u00e1 se apresentar \u00e0 Secretaria de Registros Acad\u00eamicos (SRA) portando o requerimento de renova\u00e7\u00e3o (dispon\u00edvel na Secretaria) e a carteira de identidade<\/strong>. A matr\u00edcula de estudantes menores de 18 anos s\u00f3 poder\u00e1 ser renovada com a presen\u00e7a dos pais ou respons\u00e1veis legais.<\/p>\n<p>No caso da renova\u00e7\u00e3o da matr\u00edcula por procura\u00e7\u00e3o, dever\u00e3o ser apresentados\u00a0a SRA o requerimento de renova\u00e7\u00e3o, a procura\u00e7\u00e3o, documento de identifica\u00e7\u00e3o com foto do representante legal e a c\u00f3pia autenticada da carteira de identidade do estudante;<\/p>\n<p>O estudante perder\u00e1 o direito \u00e0 renova\u00e7\u00e3o de matr\u00edcula quando:<\/p>\n<p>I \u2013 deixar de se matricular em um ou mais per\u00edodos letivos;<\/p>\n<p>II \u2013 for reprovado, por duas vezes consecutivas no mesmo per\u00edodo letivo do curso, e a Dire\u00e7\u00e3o de Ensino, com base no parecer do Conselho de Curso, for contr\u00e1ria \u00e0 renova\u00e7\u00e3o da respectiva matr\u00edcula;<\/p>\n<p>III \u2013 tiver transcorrido o prazo m\u00e1ximo fixado para a integraliza\u00e7\u00e3o do curso;<\/p>\n<p>IV \u2013 comprovada irregularidade na matr\u00edcula, conforme disposto no art. 16 da organiza\u00e7\u00e3o did\u00e1tica dos cursos da educa\u00e7\u00e3o Profissional t\u00e9cnica de n\u00edvel<br \/>\nm\u00e9dio do instituto Federal de educa\u00e7\u00e3o, ci\u00eancia e tecnologia baiano;<\/p>\n<p>V \u2013 em decorr\u00eancia de motivos disciplinares que resultem em desligamento da Institui\u00e7\u00e3o, conforme as normas internas.<\/p>\n<p>&#8211; Os casos omissos, ser\u00e3o dirimidos pela Diretoria de Ensino do IF Baiano ampus Valen\u00e7a.<\/p>\n<p>A n\u00e3o renova\u00e7\u00e3o da matr\u00edcula dentro do prazo estabelecido em Edital e sem justificativa legal caracterizar\u00e1 o abandono do curso e conseq\u00fcente desvincula\u00e7\u00e3o da institui\u00e7\u00e3o;<\/p>\n<p>&nbsp;<\/p>\n<p>&nbsp;<\/p>\n<p align=\"right\">\n","protected":false},"excerpt":{"rendered":"<p>O per\u00edodo de renova\u00e7\u00e3o de matr\u00edcula para os cursos da Educa\u00e7\u00e3o Profissional e T\u00e9cnica de N\u00edvel M\u00e9dio e para os alunos do Ensino M\u00e9dio do Campus dar-se-\u00e1 da seguinte forma: &#8211; Dias 15 e 16 de mar\u00e7o de 2012: alunos aprovados sem recupera\u00e7\u00e3o; &#8211; Dias 29 e 30 de mar\u00e7o: demais estudantes. Para efetivar a [&hellip;]<\/p>\n","protected":false},"author":6,"featured_media":0,"comment_status":"open","ping_status":"open","sticky":false,"template":"","format":"standard","meta":[],"categories":[4,10],"tags":[],"_links":{"self":[{"href":"https:\/\/www.ifbaiano.edu.br\/unidades\/valenca\/wp-json\/wp\/v2\/posts\/1547"}],"collection":[{"href":"https:\/\/www.ifbaiano.edu.br\/unidades\/valenca\/wp-json\/wp\/v2\/posts"}],"about":[{"href":"https:\/\/www.ifbaiano.edu.br\/unidades\/valenca\/wp-json\/wp\/v2\/types\/post"}],"author":[{"embeddable":true,"href":"https:\/\/www.ifbaiano.edu.br\/unidades\/valenca\/wp-json\/wp\/v2\/users\/6"}],"replies":[{"embeddable":true,"href":"https:\/\/www.ifbaiano.edu.br\/unidades\/valenca\/wp-json\/wp\/v2\/comments?post=1547"}],"version-history":[{"count":5,"href":"https:\/\/www.ifbaiano.edu.br\/unidades\/valenca\/wp-json\/wp\/v2\/posts\/1547\/revisions"}],"predecessor-version":[{"id":1552,"href":"https:\/\/www.ifbaiano.edu.br\/unidades\/valenca\/wp-json\/wp\/v2\/posts\/1547\/revisions\/1552"}],"wp:attachment":[{"href":"https:\/\/www.ifbaiano.edu.br\/unidades\/valenca\/wp-json\/wp\/v2\/media?parent=1547"}],"wp:term":[{"taxonomy":"category","embeddable":true,"href":"https:\/\/www.ifbaiano.edu.br\/unidades\/valenca\/wp-json\/wp\/v2\/categories?post=1547"},{"taxonomy":"post_tag","embeddable":true,"href":"https:\/\/www.ifbaiano.edu.br\/unidades\/valenca\/wp-json\/wp\/v2\/tags?post=1547"}],"curies":[{"name":"wp","href":"https:\/\/api.w.org\/{rel}","templated":true}]}}