{"id":1555,"date":"2012-03-15T10:47:46","date_gmt":"2012-03-15T10:47:46","guid":{"rendered":"http:\/\/www.ifbaiano.edu.br\/unidades\/valenca\/?p=1555"},"modified":"2012-03-15T11:09:10","modified_gmt":"2012-03-15T11:09:10","slug":"divulgada-lista-de-aprovados-na-3-chamada-do-processo-seletivo-ead-2012","status":"publish","type":"post","link":"https:\/\/www.ifbaiano.edu.br\/unidades\/valenca\/2012\/03\/15\/divulgada-lista-de-aprovados-na-3-chamada-do-processo-seletivo-ead-2012\/","title":{"rendered":"Divulgada lista de aprovados na 3\u00aa Chamada do Processo Seletivo EaD 2012"},"content":{"rendered":"<p>O IF Baiano divulga a lista de aprovados na Terceira Chamada\u00a0 do Processo Seletivo 2012 da modalidade de Educa\u00e7\u00e3o a Dist\u00e2ncia (EaD).\u00a0 As matr\u00edculas dos selecionados ocorre\u00a0 nos dias <strong>16\u00a0 e 19 de mar\u00e7o <\/strong>nos respectivos polos EaD. Para quaisquer orienta\u00e7\u00f5es, o contemplado dever\u00e1 ler\u00a0 atentamente o edital (111\/2011), especificamente o item 8.4 \u2013 referente \u00e0\u00a0 matr\u00edcula.<\/p>\n<div>\n<div>\n<p>Confira a lista de aprovados\u00a0<a href=\"http:\/\/www.ifbaiano.edu.br\/unidades\/valenca\/files\/2012\/03\/TERCEIRA-CHAMADA-cursos-ead.pdf\">aqui<\/a><\/p>\n<\/div>\n<\/div>\n","protected":false},"excerpt":{"rendered":"<p>O IF Baiano divulga a lista de aprovados na Terceira Chamada\u00a0 do Processo Seletivo 2012 da modalidade de Educa\u00e7\u00e3o a Dist\u00e2ncia (EaD).\u00a0 As matr\u00edculas dos selecionados ocorre\u00a0 nos dias 16\u00a0 e 19 de mar\u00e7o nos respectivos polos EaD. Para quaisquer orienta\u00e7\u00f5es, o contemplado dever\u00e1 ler\u00a0 atentamente o edital (111\/2011), especificamente o item 8.4 \u2013 referente [&hellip;]<\/p>\n","protected":false},"author":6,"featured_media":0,"comment_status":"open","ping_status":"open","sticky":false,"template":"","format":"standard","meta":[],"categories":[44,32],"tags":[],"_links":{"self":[{"href":"https:\/\/www.ifbaiano.edu.br\/unidades\/valenca\/wp-json\/wp\/v2\/posts\/1555"}],"collection":[{"href":"https:\/\/www.ifbaiano.edu.br\/unidades\/valenca\/wp-json\/wp\/v2\/posts"}],"about":[{"href":"https:\/\/www.ifbaiano.edu.br\/unidades\/valenca\/wp-json\/wp\/v2\/types\/post"}],"author":[{"embeddable":true,"href":"https:\/\/www.ifbaiano.edu.br\/unidades\/valenca\/wp-json\/wp\/v2\/users\/6"}],"replies":[{"embeddable":true,"href":"https:\/\/www.ifbaiano.edu.br\/unidades\/valenca\/wp-json\/wp\/v2\/comments?post=1555"}],"version-history":[{"count":4,"href":"https:\/\/www.ifbaiano.edu.br\/unidades\/valenca\/wp-json\/wp\/v2\/posts\/1555\/revisions"}],"predecessor-version":[{"id":1559,"href":"https:\/\/www.ifbaiano.edu.br\/unidades\/valenca\/wp-json\/wp\/v2\/posts\/1555\/revisions\/1559"}],"wp:attachment":[{"href":"https:\/\/www.ifbaiano.edu.br\/unidades\/valenca\/wp-json\/wp\/v2\/media?parent=1555"}],"wp:term":[{"taxonomy":"category","embeddable":true,"href":"https:\/\/www.ifbaiano.edu.br\/unidades\/valenca\/wp-json\/wp\/v2\/categories?post=1555"},{"taxonomy":"post_tag","embeddable":true,"href":"https:\/\/www.ifbaiano.edu.br\/unidades\/valenca\/wp-json\/wp\/v2\/tags?post=1555"}],"curies":[{"name":"wp","href":"https:\/\/api.w.org\/{rel}","templated":true}]}}