{"id":1566,"date":"2012-03-15T12:43:38","date_gmt":"2012-03-15T12:43:38","guid":{"rendered":"http:\/\/www.ifbaiano.edu.br\/unidades\/valenca\/?p=1566"},"modified":"2012-03-27T23:55:10","modified_gmt":"2012-03-27T23:55:10","slug":"campus-valenca-lanca-edital-para-preenchimento-de-vagas-remanescentes-para-estudantes-2012","status":"publish","type":"post","link":"https:\/\/www.ifbaiano.edu.br\/unidades\/valenca\/2012\/03\/15\/campus-valenca-lanca-edital-para-preenchimento-de-vagas-remanescentes-para-estudantes-2012\/","title":{"rendered":"C\u00e2mpus Valen\u00e7a lan\u00e7a edital para preenchimento de vagas remanescentes para Estudantes 2012"},"content":{"rendered":"<p style=\"text-align: left\" align=\"center\">C\u00e2mpus Valen\u00e7a lan\u00e7a edital para o preenchimento de<strong> 76 vagas remanescentes dos Cursos T\u00e9cnicos Subsequentes em Meio\u00a0 Ambiente e Agropecu\u00e1ria.<\/strong><\/p>\n<p style=\"text-align: left\" align=\"center\">Para efetuar a inscri\u00e7\u00e3o no processo seletivo o candidato deve apresentar <a href=\"http:\/\/www.ifbaiano.edu.br\/unidades\/valenca\/files\/2012\/03\/ficha-de-inscicao-vaga-remanescente.pdf\">Ficha de inscri\u00e7\u00e3o\u00a0<\/a> devidamente preenchida, original e c\u00f3pia da Carteira de Identidade e do Hist\u00f3rico Escolar do Ensino M\u00e9dio, no per\u00edodo de <strong>inscri\u00e7\u00e3o\u00a0 de 26 a 30 de mar\u00e7o de 2012<\/strong>, no Setor de Registros Acad\u00eamicos do C\u00e2mpus (Rua Glic\u00e9rio Tavares, s\/n, Bairro Bate Quente, Valen\u00e7a-Ba).<\/p>\n<p style=\"text-align: left\" align=\"center\"><strong>A sele\u00e7\u00e3o ser\u00e1 realizada atrav\u00e9s da An\u00e1lise do Hist\u00f3rico do Ensino M\u00e9dio e do Question\u00e1rio S\u00f3cio-econ\u00f4mico<\/strong>, podendo ainda, por solicita\u00e7\u00e3o da Comiss\u00e3o de Sele\u00e7\u00e3o, ser aplicada uma entrevista aos candidatos.<\/p>\n<p style=\"text-align: left\" align=\"center\">O resultado do Processo de Sele\u00e7\u00e3o ser\u00e1 divulgado pelo C\u00e2mpus<em> <\/em>Valen\u00e7a, no dia 04 de abril de 2012, na Secretaria de Registros Acad\u00eamicos e no site <a href=\"http:\/\/www.concursos.ifbaiano.edu.br\/\">www.concursos.ifbaiano.edu.br<\/a>\u00a0.<\/p>\n<p style=\"text-align: left\" align=\"center\"><strong>Leia\u00a0<a href=\"http:\/\/www.ifbaiano.edu.br\/unidades\/valenca\/files\/2012\/03\/edital-vada-remanescente.pdf\">aqui<\/a> o edital na integra.<\/strong><\/p>\n<p>&nbsp;<\/p>\n<p><strong>Confira Quadro de vagas:<\/strong><\/p>\n<p>&nbsp;<\/p>\n<table border=\"1\" cellspacing=\"0\" cellpadding=\"0\">\n<tbody>\n<tr>\n<td valign=\"top\" width=\"139\">\n<p align=\"center\"><strong>Curdo<\/strong><\/p>\n<\/td>\n<td valign=\"top\" width=\"144\">\n<p align=\"center\"><strong>Escolaridade<br \/>\nexigida<\/strong><\/p>\n<\/td>\n<td valign=\"top\" width=\"120\">\n<p align=\"center\"><strong>Forma \/<\/strong><\/p>\n<p align=\"center\"><strong>Modalidade<\/strong><\/p>\n<\/td>\n<td valign=\"top\" width=\"96\">\n<p align=\"center\"><strong>Turno<\/strong><\/p>\n<\/td>\n<td valign=\"top\" width=\"77\">\n<p align=\"center\"><strong>Vagas<\/strong><\/p>\n<\/td>\n<\/tr>\n<tr>\n<td valign=\"top\" width=\"139\">T\u00e9cnico em Meio Ambiente<\/td>\n<td valign=\"top\" width=\"144\">\n<p align=\"center\">Conclus\u00e3o do Ensino M\u00e9dio ou equivalente<\/p>\n<\/td>\n<td valign=\"top\" width=\"120\">\n<p align=\"center\">Subsequente<\/p>\n<\/td>\n<td valign=\"top\" width=\"96\">\n<p align=\"center\">Matutino<\/p>\n<\/td>\n<td valign=\"top\" width=\"77\">\n<p align=\"center\">04<\/p>\n<\/td>\n<\/tr>\n<tr>\n<td valign=\"top\" width=\"139\">T\u00e9cnico em Meio Ambiente<\/td>\n<td valign=\"top\" width=\"144\">\n<p align=\"center\">Conclus\u00e3o do Ensino M\u00e9dio ou equivalente<\/p>\n<\/td>\n<td valign=\"top\" width=\"120\">\n<p align=\"center\">Subsequente<\/p>\n<\/td>\n<td valign=\"top\" width=\"96\">\n<p align=\"center\">Vespertino<\/p>\n<\/td>\n<td valign=\"top\" width=\"77\">\n<p align=\"center\">21<\/p>\n<\/td>\n<\/tr>\n<tr>\n<td valign=\"top\" width=\"139\">T\u00e9cnico em Agropecu\u00e1ria<\/td>\n<td valign=\"top\" width=\"144\">\n<p align=\"center\">Conclus\u00e3o do Ensino M\u00e9dio ou equivalente<\/p>\n<\/td>\n<td valign=\"top\" width=\"120\">\n<p align=\"center\">Subsequente<\/p>\n<\/td>\n<td valign=\"top\" width=\"96\">\n<p align=\"center\">Matutino<\/p>\n<\/td>\n<td valign=\"top\" width=\"77\">\n<p align=\"center\">25<\/p>\n<\/td>\n<\/tr>\n<tr>\n<td valign=\"top\" width=\"139\">T\u00e9cnico em Agropecu\u00e1ria<\/td>\n<td valign=\"top\" width=\"144\">\n<p align=\"center\">Conclus\u00e3o do Ensino M\u00e9dio ou equivalente<\/p>\n<\/td>\n<td valign=\"top\" width=\"120\">\n<p align=\"center\">Subsequente<\/p>\n<\/td>\n<td valign=\"top\" width=\"96\">\n<p align=\"center\">Vespertino<\/p>\n<\/td>\n<td valign=\"top\" width=\"77\">\n<p align=\"center\">26<\/p>\n<\/td>\n<\/tr>\n<\/tbody>\n<\/table>\n<p>&nbsp;<\/p>\n<p>&nbsp;<\/p>\n<p>&nbsp;<\/p>\n","protected":false},"excerpt":{"rendered":"<p>C\u00e2mpus Valen\u00e7a lan\u00e7a edital para o preenchimento de 76 vagas remanescentes dos Cursos T\u00e9cnicos Subsequentes em Meio\u00a0 Ambiente e Agropecu\u00e1ria. Para efetuar a inscri\u00e7\u00e3o no processo seletivo o candidato deve apresentar Ficha de inscri\u00e7\u00e3o\u00a0 devidamente preenchida, original e c\u00f3pia da Carteira de Identidade e do Hist\u00f3rico Escolar do Ensino M\u00e9dio, no per\u00edodo de inscri\u00e7\u00e3o\u00a0 de [&hellip;]<\/p>\n","protected":false},"author":6,"featured_media":0,"comment_status":"open","ping_status":"open","sticky":false,"template":"","format":"standard","meta":[],"categories":[5,32],"tags":[],"_links":{"self":[{"href":"https:\/\/www.ifbaiano.edu.br\/unidades\/valenca\/wp-json\/wp\/v2\/posts\/1566"}],"collection":[{"href":"https:\/\/www.ifbaiano.edu.br\/unidades\/valenca\/wp-json\/wp\/v2\/posts"}],"about":[{"href":"https:\/\/www.ifbaiano.edu.br\/unidades\/valenca\/wp-json\/wp\/v2\/types\/post"}],"author":[{"embeddable":true,"href":"https:\/\/www.ifbaiano.edu.br\/unidades\/valenca\/wp-json\/wp\/v2\/users\/6"}],"replies":[{"embeddable":true,"href":"https:\/\/www.ifbaiano.edu.br\/unidades\/valenca\/wp-json\/wp\/v2\/comments?post=1566"}],"version-history":[{"count":7,"href":"https:\/\/www.ifbaiano.edu.br\/unidades\/valenca\/wp-json\/wp\/v2\/posts\/1566\/revisions"}],"predecessor-version":[{"id":1609,"href":"https:\/\/www.ifbaiano.edu.br\/unidades\/valenca\/wp-json\/wp\/v2\/posts\/1566\/revisions\/1609"}],"wp:attachment":[{"href":"https:\/\/www.ifbaiano.edu.br\/unidades\/valenca\/wp-json\/wp\/v2\/media?parent=1566"}],"wp:term":[{"taxonomy":"category","embeddable":true,"href":"https:\/\/www.ifbaiano.edu.br\/unidades\/valenca\/wp-json\/wp\/v2\/categories?post=1566"},{"taxonomy":"post_tag","embeddable":true,"href":"https:\/\/www.ifbaiano.edu.br\/unidades\/valenca\/wp-json\/wp\/v2\/tags?post=1566"}],"curies":[{"name":"wp","href":"https:\/\/api.w.org\/{rel}","templated":true}]}}