{"id":1595,"date":"2012-03-26T11:22:16","date_gmt":"2012-03-26T11:22:16","guid":{"rendered":"http:\/\/www.ifbaiano.edu.br\/unidades\/valenca\/?p=1595"},"modified":"2012-03-26T11:27:50","modified_gmt":"2012-03-26T11:27:50","slug":"estudantes-visitam-a-fazenda-vale-do-juliana-e-a-ceplacsede-regional","status":"publish","type":"post","link":"https:\/\/www.ifbaiano.edu.br\/unidades\/valenca\/2012\/03\/26\/estudantes-visitam-a-fazenda-vale-do-juliana-e-a-ceplacsede-regional\/","title":{"rendered":"Estudantes visitam a Fazenda Vale do Juliana e a CEPLAC\/Sede Regional"},"content":{"rendered":"<p style=\"text-align: left\" align=\"center\">Nos dias 14 e 15 de mar\u00e7o os alunos do Curso T\u00e9cnico em Agropecu\u00e1ria Subseq\u00fcente estiveram em visita t\u00e9cnica juntamente com os professores Luciana Carvalho e Ant\u00f4nio Jorge Menezes conhecendo as instala\u00e7\u00f5es e processos produtivos da Fazenda Vale do Juliana (Igrapi\u00fana) e da sede regional da CEPLAC (Itabuna). Al\u00e9m da visita a \u00e1rea de piscicultura em ambos os locais, foram visitados setores com cultivo de plantas medicinais, horticultura, viveiros de mudas de pupunha e seringueira, setor de apicultura e produtos oriundos da produ\u00e7\u00e3o ap\u00edcola.<\/p>\n<p style=\"text-align: left\">\u00a0A fazenda Vale do Juliana juntamente com o AguaVale fazem parte de um projeto do grupo ODEBRECHT sendo um exemplo na produ\u00e7\u00e3o de peixes, desde seu inicio como ovo para produ\u00e7\u00e3o de alevinos at\u00e9 a comercializa\u00e7\u00e3o do peixe com tamanho e peso comercial, tendo sua produ\u00e7\u00e3o de alevinos oriundos de excelentes matrizes e reprodutores de alto valor gen\u00e9tico. Al\u00e9m de material vegetal de alto valor comercial como produ\u00e7\u00e3o de cacau, seringueira, pupunha, cravo da \u00edndia, etc.<\/p>\n<p>\u00a0Na oportunidade os alunos tamb\u00e9m visitaram a F\u00e1brica de Cacau da CEPLAC, onde se produz chocolate de alto teor de cacau. Os estudantes tiveram a oportunidade de verificarem todo o processo de fabrica\u00e7\u00e3o at\u00e9 o bombom, finalizando com a degusta\u00e7\u00e3o.<\/p>\n<p>Durante o percurso foi identificados os diversos cen\u00e1rios de cultivos diversificados, relevo, vegeta\u00e7\u00e3o e manchas de mata atl\u00e2ntica com identifica\u00e7\u00e3o de diversos esp\u00e9cimes de interesse econ\u00f4mico. A parte estrutural do solo foi ressaltada para conhecimento de todos os alunos como complementa\u00e7\u00e3o de conhecimentos das disciplinas abordados no per\u00edodo letivo passado.<\/p>\n<p>A visita foi de imenso aprendizado pedag\u00f3gico para os alunos e tamb\u00e9m aos professores respons\u00e1veis pela mesma, pois o conhecimento visto em sala de aula pode ser demonstrado em laborat\u00f3rios a c\u00e9u aberto de elevada produ\u00e7\u00e3o e organiza\u00e7\u00e3o como os setores visitados.<\/p>\n<p>&nbsp;<\/p>\n<p align=\"right\">Por: Prof. Ant\u00f4nio Jorge e Prof\u00aa Luciana Carvalho<\/p>\n","protected":false},"excerpt":{"rendered":"<p>Nos dias 14 e 15 de mar\u00e7o os alunos do Curso T\u00e9cnico em Agropecu\u00e1ria Subseq\u00fcente estiveram em visita t\u00e9cnica juntamente com os professores Luciana Carvalho e Ant\u00f4nio Jorge Menezes conhecendo as instala\u00e7\u00f5es e processos produtivos da Fazenda Vale do Juliana (Igrapi\u00fana) e da sede regional da CEPLAC (Itabuna). Al\u00e9m da visita a \u00e1rea de piscicultura [&hellip;]<\/p>\n","protected":false},"author":6,"featured_media":0,"comment_status":"open","ping_status":"open","sticky":false,"template":"","format":"standard","meta":[],"categories":[1],"tags":[45],"_links":{"self":[{"href":"https:\/\/www.ifbaiano.edu.br\/unidades\/valenca\/wp-json\/wp\/v2\/posts\/1595"}],"collection":[{"href":"https:\/\/www.ifbaiano.edu.br\/unidades\/valenca\/wp-json\/wp\/v2\/posts"}],"about":[{"href":"https:\/\/www.ifbaiano.edu.br\/unidades\/valenca\/wp-json\/wp\/v2\/types\/post"}],"author":[{"embeddable":true,"href":"https:\/\/www.ifbaiano.edu.br\/unidades\/valenca\/wp-json\/wp\/v2\/users\/6"}],"replies":[{"embeddable":true,"href":"https:\/\/www.ifbaiano.edu.br\/unidades\/valenca\/wp-json\/wp\/v2\/comments?post=1595"}],"version-history":[{"count":4,"href":"https:\/\/www.ifbaiano.edu.br\/unidades\/valenca\/wp-json\/wp\/v2\/posts\/1595\/revisions"}],"predecessor-version":[{"id":1597,"href":"https:\/\/www.ifbaiano.edu.br\/unidades\/valenca\/wp-json\/wp\/v2\/posts\/1595\/revisions\/1597"}],"wp:attachment":[{"href":"https:\/\/www.ifbaiano.edu.br\/unidades\/valenca\/wp-json\/wp\/v2\/media?parent=1595"}],"wp:term":[{"taxonomy":"category","embeddable":true,"href":"https:\/\/www.ifbaiano.edu.br\/unidades\/valenca\/wp-json\/wp\/v2\/categories?post=1595"},{"taxonomy":"post_tag","embeddable":true,"href":"https:\/\/www.ifbaiano.edu.br\/unidades\/valenca\/wp-json\/wp\/v2\/tags?post=1595"}],"curies":[{"name":"wp","href":"https:\/\/api.w.org\/{rel}","templated":true}]}}