{"id":1600,"date":"2012-03-26T11:45:23","date_gmt":"2012-03-26T11:45:23","guid":{"rendered":"http:\/\/www.ifbaiano.edu.br\/unidades\/valenca\/?p=1600"},"modified":"2012-03-26T11:58:17","modified_gmt":"2012-03-26T11:58:17","slug":"confira-informes-sobre-o-conselho-superior-do-if-baiano","status":"publish","type":"post","link":"https:\/\/www.ifbaiano.edu.br\/unidades\/valenca\/2012\/03\/26\/confira-informes-sobre-o-conselho-superior-do-if-baiano\/","title":{"rendered":"Confira informes sobre o Conselho Superior do IF Baiano"},"content":{"rendered":"<p style=\"text-align: left\" align=\"center\">Entendendo que seu participa\u00e7\u00e3o como membro\u00a0do Conselho Superior\u00a0pertence a toda comunidade acad\u00eamica (Estudantes, Professores e T\u00e9cnicos Administrativos), o discente Matheus Cunha &#8211; Representante dos Estudantes no Conselho Superior do IF Baiano &#8211; encaminha para conhecimento de todos os documentos referentes \u00e0 primeira reuni\u00e3o do Conselho Superior ocorrido no dia 14 de fevereiro:<\/p>\n<p>\u00a0<a href=\"http:\/\/www.ifbaiano.edu.br\/unidades\/valenca\/files\/2012\/03\/Relatorio-de-gestao-2011.pdf\">RELAT\u00d3RIO DE GEST\u00c3O 2011<\/a><\/p>\n<p><a href=\"http:\/\/www.ifbaiano.edu.br\/unidades\/valenca\/files\/2012\/03\/SINTESE-DOS-RESULTADOS-DOS-PLANOS-DE-ACAO-2011.pdf\">S\u00cdNTESE DOS RESULTADOS DOS PLANOS DE A\u00c7\u00c3O 2011<\/a><\/p>\n<p><a href=\"http:\/\/www.ifbaiano.edu.br\/unidades\/valenca\/files\/2012\/03\/PROGRAMAS-DE-GOVERNO-SOB-A-RESPONSABILIDADE-DO-INSTITUTO.pdf\">PROGRAMAS DE GOVERNO SOB A RESPONSABILIDADE DO INSTITUTO<\/a><\/p>\n<p>\u00a0A pr\u00f3xima reuni\u00e3o ocorre dia 26 de mar\u00e7o e ter\u00e1 como pauta o Relat\u00f3rio de Gest\u00e3o do IF Baiano, Exerc\u00edcio 2011; e o que ocorrer.<\/p>\n<p>Segundo Matheus \u201c<em>a socializa\u00e7\u00e3o das a\u00e7\u00f5es e discuss\u00f5es realizadas pelo Conselho Superior possibilitar\u00e1 a participa\u00e7\u00e3o efetiva nas decis\u00f5es do mesmo<\/em>\u201d.<\/p>\n","protected":false},"excerpt":{"rendered":"<p>Entendendo que seu participa\u00e7\u00e3o como membro\u00a0do Conselho Superior\u00a0pertence a toda comunidade acad\u00eamica (Estudantes, Professores e T\u00e9cnicos Administrativos), o discente Matheus Cunha &#8211; Representante dos Estudantes no Conselho Superior do IF Baiano &#8211; encaminha para conhecimento de todos os documentos referentes \u00e0 primeira reuni\u00e3o do Conselho Superior ocorrido no dia 14 de fevereiro: \u00a0RELAT\u00d3RIO DE GEST\u00c3O [&hellip;]<\/p>\n","protected":false},"author":6,"featured_media":0,"comment_status":"open","ping_status":"open","sticky":false,"template":"","format":"standard","meta":[],"categories":[46],"tags":[],"_links":{"self":[{"href":"https:\/\/www.ifbaiano.edu.br\/unidades\/valenca\/wp-json\/wp\/v2\/posts\/1600"}],"collection":[{"href":"https:\/\/www.ifbaiano.edu.br\/unidades\/valenca\/wp-json\/wp\/v2\/posts"}],"about":[{"href":"https:\/\/www.ifbaiano.edu.br\/unidades\/valenca\/wp-json\/wp\/v2\/types\/post"}],"author":[{"embeddable":true,"href":"https:\/\/www.ifbaiano.edu.br\/unidades\/valenca\/wp-json\/wp\/v2\/users\/6"}],"replies":[{"embeddable":true,"href":"https:\/\/www.ifbaiano.edu.br\/unidades\/valenca\/wp-json\/wp\/v2\/comments?post=1600"}],"version-history":[{"count":2,"href":"https:\/\/www.ifbaiano.edu.br\/unidades\/valenca\/wp-json\/wp\/v2\/posts\/1600\/revisions"}],"predecessor-version":[{"id":1606,"href":"https:\/\/www.ifbaiano.edu.br\/unidades\/valenca\/wp-json\/wp\/v2\/posts\/1600\/revisions\/1606"}],"wp:attachment":[{"href":"https:\/\/www.ifbaiano.edu.br\/unidades\/valenca\/wp-json\/wp\/v2\/media?parent=1600"}],"wp:term":[{"taxonomy":"category","embeddable":true,"href":"https:\/\/www.ifbaiano.edu.br\/unidades\/valenca\/wp-json\/wp\/v2\/categories?post=1600"},{"taxonomy":"post_tag","embeddable":true,"href":"https:\/\/www.ifbaiano.edu.br\/unidades\/valenca\/wp-json\/wp\/v2\/tags?post=1600"}],"curies":[{"name":"wp","href":"https:\/\/api.w.org\/{rel}","templated":true}]}}