{"id":1611,"date":"2012-03-28T11:06:17","date_gmt":"2012-03-28T11:06:17","guid":{"rendered":"http:\/\/www.ifbaiano.edu.br\/unidades\/valenca\/?p=1611"},"modified":"2012-03-28T11:06:17","modified_gmt":"2012-03-28T11:06:17","slug":"divulgado-resultado-do-programa-de-apoio-a-qualificacao-dos-servidores","status":"publish","type":"post","link":"https:\/\/www.ifbaiano.edu.br\/unidades\/valenca\/2012\/03\/28\/divulgado-resultado-do-programa-de-apoio-a-qualificacao-dos-servidores\/","title":{"rendered":"Divulgado resultado do Programa de Apoio \u00e0 Qualifica\u00e7\u00e3o dos Servidores"},"content":{"rendered":"<p>Reitoria divulga resultado do Programa de Apoio \u00e0 Qualifica\u00e7\u00e3o dos Servidores &#8211; Edital 025\/2012. Setenta e seis (76) servidores foram contemplados.<\/p>\n<p>Os candidatos n\u00e3o contemplados poder\u00e3o entrar com recurso entre os dias<strong> <\/strong>28\/03\/2012 a 30\/03\/2012 conforme cronograma divulgado.<\/p>\n<p>Para maiores informa\u00e7\u00f5es entrar em contato com a comiss\u00e3o de sele\u00e7\u00e3o hildete.andrade@ifbainao.edu.br, alyne.muller@ifbaiano.edu.br, vanina.sa@ifbaiano.edu.br. \u00a0Ou atrav\u00e9s do telefone (71) 3186-0047.<\/p>\n<p>Acesse <a href=\"http:\/\/www.ifbaiano.edu.br\/unidades\/valenca\/files\/2012\/03\/Resultado-Apoio-a-Qualificacao.pdf\">aqui<\/a>\u00a0a lista de classifica\u00e7\u00e3o.<\/p>\n","protected":false},"excerpt":{"rendered":"<p>Reitoria divulga resultado do Programa de Apoio \u00e0 Qualifica\u00e7\u00e3o dos Servidores &#8211; Edital 025\/2012. Setenta e seis (76) servidores foram contemplados. Os candidatos n\u00e3o contemplados poder\u00e3o entrar com recurso entre os dias 28\/03\/2012 a 30\/03\/2012 conforme cronograma divulgado. Para maiores informa\u00e7\u00f5es entrar em contato com a comiss\u00e3o de sele\u00e7\u00e3o hildete.andrade@ifbainao.edu.br, alyne.muller@ifbaiano.edu.br, vanina.sa@ifbaiano.edu.br. \u00a0Ou atrav\u00e9s do [&hellip;]<\/p>\n","protected":false},"author":6,"featured_media":0,"comment_status":"open","ping_status":"open","sticky":false,"template":"","format":"standard","meta":[],"categories":[8],"tags":[],"_links":{"self":[{"href":"https:\/\/www.ifbaiano.edu.br\/unidades\/valenca\/wp-json\/wp\/v2\/posts\/1611"}],"collection":[{"href":"https:\/\/www.ifbaiano.edu.br\/unidades\/valenca\/wp-json\/wp\/v2\/posts"}],"about":[{"href":"https:\/\/www.ifbaiano.edu.br\/unidades\/valenca\/wp-json\/wp\/v2\/types\/post"}],"author":[{"embeddable":true,"href":"https:\/\/www.ifbaiano.edu.br\/unidades\/valenca\/wp-json\/wp\/v2\/users\/6"}],"replies":[{"embeddable":true,"href":"https:\/\/www.ifbaiano.edu.br\/unidades\/valenca\/wp-json\/wp\/v2\/comments?post=1611"}],"version-history":[{"count":2,"href":"https:\/\/www.ifbaiano.edu.br\/unidades\/valenca\/wp-json\/wp\/v2\/posts\/1611\/revisions"}],"predecessor-version":[{"id":1614,"href":"https:\/\/www.ifbaiano.edu.br\/unidades\/valenca\/wp-json\/wp\/v2\/posts\/1611\/revisions\/1614"}],"wp:attachment":[{"href":"https:\/\/www.ifbaiano.edu.br\/unidades\/valenca\/wp-json\/wp\/v2\/media?parent=1611"}],"wp:term":[{"taxonomy":"category","embeddable":true,"href":"https:\/\/www.ifbaiano.edu.br\/unidades\/valenca\/wp-json\/wp\/v2\/categories?post=1611"},{"taxonomy":"post_tag","embeddable":true,"href":"https:\/\/www.ifbaiano.edu.br\/unidades\/valenca\/wp-json\/wp\/v2\/tags?post=1611"}],"curies":[{"name":"wp","href":"https:\/\/api.w.org\/{rel}","templated":true}]}}