{"id":1617,"date":"2012-03-28T18:45:03","date_gmt":"2012-03-28T18:45:03","guid":{"rendered":"http:\/\/www.ifbaiano.edu.br\/unidades\/valenca\/?p=1617"},"modified":"2012-03-28T18:48:39","modified_gmt":"2012-03-28T18:48:39","slug":"alunas-do-programa-mulheres-mil-aprendem-sobre-producao-saude-e-meio-ambiente","status":"publish","type":"post","link":"https:\/\/www.ifbaiano.edu.br\/unidades\/valenca\/2012\/03\/28\/alunas-do-programa-mulheres-mil-aprendem-sobre-producao-saude-e-meio-ambiente\/","title":{"rendered":"Alunas do Programa Mulheres Mil aprendem sobre Produ\u00e7\u00e3o, Sa\u00fade e Meio Ambiente"},"content":{"rendered":"<p>Durante o m\u00eas de mar\u00e7o de 2012 as alunas do Programa Mulheres Mil do IFBaiano c\u00e2mpus Valen\u00e7a participaram de v\u00e1rias atividades educativas, com destaque para o M\u00f3dulo <strong>Quintais Produtivos I<\/strong> ministrado pelo Professor Paulo Assis Nascimento, onde as alunas produziram mudas, visitaram a \u00e1rea de campo do IFBaiano e na oportunidade aprenderam formas alternativas de como trabalhar com a terra.<\/p>\n<p>Outro destaque foram as aulas de <strong>Sa\u00fade e Meio Ambiente<\/strong> ministradas pelo Professor Fl\u00e1vio Barony onde aprenderam no\u00e7\u00f5es de sa\u00fade ambiental e compostagem.<\/p>\n<p>As atividades continuam e os m\u00f3dulos em andamento s\u00e3o: <strong>Alimenta\u00e7\u00e3o Saud\u00e1vel e Consumo Sustent\u00e1vel<\/strong>, Professor Fl\u00e1vio Barony; <strong>Matem\u00e1tica B\u00e1sica<\/strong>, Professor Wellington dos Santos; e <strong>Inform\u00e1tica B\u00e1sica<\/strong> com o Professor Tiago Realy.<\/p>\n<p>&nbsp;<\/p>\n<p align=\"right\">Fonte: Ellielma Santana<\/p>\n<p align=\"right\">\u00a0<\/p>\n","protected":false},"excerpt":{"rendered":"<p>Durante o m\u00eas de mar\u00e7o de 2012 as alunas do Programa Mulheres Mil do IFBaiano c\u00e2mpus Valen\u00e7a participaram de v\u00e1rias atividades educativas, com destaque para o M\u00f3dulo Quintais Produtivos I ministrado pelo Professor Paulo Assis Nascimento, onde as alunas produziram mudas, visitaram a \u00e1rea de campo do IFBaiano e na oportunidade aprenderam formas alternativas de [&hellip;]<\/p>\n","protected":false},"author":6,"featured_media":0,"comment_status":"open","ping_status":"open","sticky":false,"template":"","format":"standard","meta":[],"categories":[42],"tags":[],"_links":{"self":[{"href":"https:\/\/www.ifbaiano.edu.br\/unidades\/valenca\/wp-json\/wp\/v2\/posts\/1617"}],"collection":[{"href":"https:\/\/www.ifbaiano.edu.br\/unidades\/valenca\/wp-json\/wp\/v2\/posts"}],"about":[{"href":"https:\/\/www.ifbaiano.edu.br\/unidades\/valenca\/wp-json\/wp\/v2\/types\/post"}],"author":[{"embeddable":true,"href":"https:\/\/www.ifbaiano.edu.br\/unidades\/valenca\/wp-json\/wp\/v2\/users\/6"}],"replies":[{"embeddable":true,"href":"https:\/\/www.ifbaiano.edu.br\/unidades\/valenca\/wp-json\/wp\/v2\/comments?post=1617"}],"version-history":[{"count":4,"href":"https:\/\/www.ifbaiano.edu.br\/unidades\/valenca\/wp-json\/wp\/v2\/posts\/1617\/revisions"}],"predecessor-version":[{"id":1619,"href":"https:\/\/www.ifbaiano.edu.br\/unidades\/valenca\/wp-json\/wp\/v2\/posts\/1617\/revisions\/1619"}],"wp:attachment":[{"href":"https:\/\/www.ifbaiano.edu.br\/unidades\/valenca\/wp-json\/wp\/v2\/media?parent=1617"}],"wp:term":[{"taxonomy":"category","embeddable":true,"href":"https:\/\/www.ifbaiano.edu.br\/unidades\/valenca\/wp-json\/wp\/v2\/categories?post=1617"},{"taxonomy":"post_tag","embeddable":true,"href":"https:\/\/www.ifbaiano.edu.br\/unidades\/valenca\/wp-json\/wp\/v2\/tags?post=1617"}],"curies":[{"name":"wp","href":"https:\/\/api.w.org\/{rel}","templated":true}]}}