{"id":1623,"date":"2012-03-29T01:51:35","date_gmt":"2012-03-29T01:51:35","guid":{"rendered":"http:\/\/www.ifbaiano.edu.br\/unidades\/valenca\/?p=1623"},"modified":"2012-03-29T01:52:43","modified_gmt":"2012-03-29T01:52:43","slug":"homologacao-das-inscricoes-para-o-processo-de-selecao-de-estagiarios","status":"publish","type":"post","link":"https:\/\/www.ifbaiano.edu.br\/unidades\/valenca\/2012\/03\/29\/homologacao-das-inscricoes-para-o-processo-de-selecao-de-estagiarios\/","title":{"rendered":"Homologa\u00e7\u00e3o das inscri\u00e7\u00f5es para o Processo de Sele\u00e7\u00e3o de Estagi\u00e1rios"},"content":{"rendered":"<p>\u00a0<strong>Confira\u00a0<a href=\"http:\/\/www.ifbaiano.edu.br\/unidades\/valenca\/files\/2012\/03\/edital_homologa_inscricoes.pdf\">aqui<\/a> edital de homologa\u00e7\u00e3o.<\/strong><\/p>\n<p>Os candidatos que possu\u00edrem suas inscri\u00e7\u00f5es indeferidas poder\u00e3o interpor recursos no dia \u00a030 de mar\u00e7o de 2012, no N\u00facleo de Apoio \u00e0 Gest\u00e3o de Pessoas (Rua Glic\u00e9rio Tavares, s\/n \u2013 Bairro: Bate-Quente, Valen\u00e7a\/BA), no per\u00edodo de 08h30 \u00e0s 11h.<\/p>\n<p>O resultado para convoca\u00e7\u00e3o para entrevista est\u00e1 previsto para o dia 10 de abril de 2012.<\/p>\n<p>&nbsp;<\/p>\n","protected":false},"excerpt":{"rendered":"<p>\u00a0Confira\u00a0aqui edital de homologa\u00e7\u00e3o. Os candidatos que possu\u00edrem suas inscri\u00e7\u00f5es indeferidas poder\u00e3o interpor recursos no dia \u00a030 de mar\u00e7o de 2012, no N\u00facleo de Apoio \u00e0 Gest\u00e3o de Pessoas (Rua Glic\u00e9rio Tavares, s\/n \u2013 Bairro: Bate-Quente, Valen\u00e7a\/BA), no per\u00edodo de 08h30 \u00e0s 11h. O resultado para convoca\u00e7\u00e3o para entrevista est\u00e1 previsto para o dia 10 [&hellip;]<\/p>\n","protected":false},"author":6,"featured_media":0,"comment_status":"open","ping_status":"open","sticky":false,"template":"","format":"standard","meta":[],"categories":[5,32],"tags":[],"_links":{"self":[{"href":"https:\/\/www.ifbaiano.edu.br\/unidades\/valenca\/wp-json\/wp\/v2\/posts\/1623"}],"collection":[{"href":"https:\/\/www.ifbaiano.edu.br\/unidades\/valenca\/wp-json\/wp\/v2\/posts"}],"about":[{"href":"https:\/\/www.ifbaiano.edu.br\/unidades\/valenca\/wp-json\/wp\/v2\/types\/post"}],"author":[{"embeddable":true,"href":"https:\/\/www.ifbaiano.edu.br\/unidades\/valenca\/wp-json\/wp\/v2\/users\/6"}],"replies":[{"embeddable":true,"href":"https:\/\/www.ifbaiano.edu.br\/unidades\/valenca\/wp-json\/wp\/v2\/comments?post=1623"}],"version-history":[{"count":3,"href":"https:\/\/www.ifbaiano.edu.br\/unidades\/valenca\/wp-json\/wp\/v2\/posts\/1623\/revisions"}],"predecessor-version":[{"id":1627,"href":"https:\/\/www.ifbaiano.edu.br\/unidades\/valenca\/wp-json\/wp\/v2\/posts\/1623\/revisions\/1627"}],"wp:attachment":[{"href":"https:\/\/www.ifbaiano.edu.br\/unidades\/valenca\/wp-json\/wp\/v2\/media?parent=1623"}],"wp:term":[{"taxonomy":"category","embeddable":true,"href":"https:\/\/www.ifbaiano.edu.br\/unidades\/valenca\/wp-json\/wp\/v2\/categories?post=1623"},{"taxonomy":"post_tag","embeddable":true,"href":"https:\/\/www.ifbaiano.edu.br\/unidades\/valenca\/wp-json\/wp\/v2\/tags?post=1623"}],"curies":[{"name":"wp","href":"https:\/\/api.w.org\/{rel}","templated":true}]}}