{"id":1628,"date":"2012-03-29T20:19:20","date_gmt":"2012-03-29T20:19:20","guid":{"rendered":"http:\/\/www.ifbaiano.edu.br\/unidades\/valenca\/?p=1628"},"modified":"2012-04-01T14:07:05","modified_gmt":"2012-04-01T14:07:05","slug":"lista-de-alunos-matriculados-para-as-aulas-de-karste-do","status":"publish","type":"post","link":"https:\/\/www.ifbaiano.edu.br\/unidades\/valenca\/2012\/03\/29\/lista-de-alunos-matriculados-para-as-aulas-de-karste-do\/","title":{"rendered":"Lista de alunos matriculados para as aulas de Karat\u00ea-do"},"content":{"rendered":"<p><strong>As aulas ter\u00e3o in\u00edcio no dia 17 de abril.<\/strong><\/p>\n<table border=\"0\" cellspacing=\"0\" cellpadding=\"0\">\n<tbody>\n<tr>\n<td valign=\"top\" width=\"84\">\n<p align=\"center\"><strong>N\u00daMERO<\/strong><\/p>\n<\/td>\n<td valign=\"top\" width=\"339\">\n<p align=\"center\"><strong>NOME DO ALUNO<\/strong><\/p>\n<\/td>\n<\/tr>\n<tr>\n<td valign=\"top\" width=\"84\">\n<p align=\"center\">01<\/p>\n<\/td>\n<td valign=\"top\" width=\"339\">ALISSON DE JESUS SANTOS<\/td>\n<\/tr>\n<tr>\n<td valign=\"top\" width=\"84\">\n<p align=\"center\">02<\/p>\n<\/td>\n<td valign=\"top\" width=\"339\">AIALA DE JESUS OLIVE<\/td>\n<\/tr>\n<tr>\n<td valign=\"top\" width=\"84\">\n<p align=\"center\">03<\/p>\n<\/td>\n<td valign=\"top\" width=\"339\">BRUNO OILIVEIRA DE JESU<\/td>\n<\/tr>\n<tr>\n<td valign=\"top\" width=\"84\">\n<p align=\"center\">04<\/p>\n<\/td>\n<td valign=\"top\" width=\"339\">CRISTIAN SANTOS SOUSA<\/td>\n<\/tr>\n<tr>\n<td valign=\"top\" width=\"84\">\n<p align=\"center\">05<\/p>\n<\/td>\n<td valign=\"top\" width=\"339\">CLEISSON SANTOS DE JESUS<\/td>\n<\/tr>\n<tr>\n<td valign=\"top\" width=\"84\">\n<p align=\"center\">06<\/p>\n<\/td>\n<td valign=\"top\" width=\"339\">CAIK DA SILVA SANTOS<\/td>\n<\/tr>\n<tr>\n<td valign=\"top\" width=\"84\">\n<p align=\"center\">07<\/p>\n<\/td>\n<td valign=\"top\" width=\"339\">DANIEL QUEIROZ OLIVEIRA<\/td>\n<\/tr>\n<tr>\n<td valign=\"top\" width=\"84\">\n<p align=\"center\">08<\/p>\n<\/td>\n<td valign=\"top\" width=\"339\">EZEQUIAS DE SOUZA MIRANDA<\/td>\n<\/tr>\n<tr>\n<td valign=\"top\" width=\"84\">\n<p align=\"center\">09<\/p>\n<\/td>\n<td valign=\"top\" width=\"339\">FABIO DE JESUS SANTOS<\/td>\n<\/tr>\n<tr>\n<td valign=\"top\" width=\"84\">\n<p align=\"center\">10<\/p>\n<\/td>\n<td valign=\"top\" width=\"339\">FLAVIO DE JESUS SANTOS<\/td>\n<\/tr>\n<tr>\n<td valign=\"top\" width=\"84\">\n<p align=\"center\">11<\/p>\n<\/td>\n<td valign=\"top\" width=\"339\">JOSICLEIDE PEREIRA DOS SANTOS<\/td>\n<\/tr>\n<tr>\n<td valign=\"top\" width=\"84\">\n<p align=\"center\">12<\/p>\n<\/td>\n<td valign=\"top\" width=\"339\">JO\u00c3\u0192O PEDRO DE ARAUJO RODRIGUES<\/td>\n<\/tr>\n<tr>\n<td valign=\"top\" width=\"84\">\n<p align=\"center\">13<\/p>\n<\/td>\n<td valign=\"top\" width=\"339\">JEAN BARBOSA DOS SANTOS<\/td>\n<\/tr>\n<tr>\n<td valign=\"top\" width=\"84\">\n<p align=\"center\">14<\/p>\n<\/td>\n<td valign=\"top\" width=\"339\">LUIS AQUINO DO ROSARIO SANTOS<\/td>\n<\/tr>\n<tr>\n<td valign=\"top\" width=\"84\">\n<p align=\"center\">15<\/p>\n<\/td>\n<td valign=\"top\" width=\"339\">LAERCIO DE JESUS<\/td>\n<\/tr>\n<tr>\n<td valign=\"top\" width=\"84\">\n<p align=\"center\">16<\/p>\n<\/td>\n<td valign=\"top\" width=\"339\">LEONARDO SANTOS DA CONCEI\u00c3\u2021\u00c3\u0192O<\/td>\n<\/tr>\n<tr>\n<td valign=\"top\" width=\"84\">\n<p align=\"center\">17<\/p>\n<\/td>\n<td valign=\"top\" width=\"339\">MILENA DO ROSARIO BISPO<\/td>\n<\/tr>\n<tr>\n<td valign=\"top\" width=\"84\">\n<p align=\"center\">18<\/p>\n<\/td>\n<td valign=\"top\" width=\"339\">MARLISON SILVA OLIVEIRA<\/td>\n<\/tr>\n<tr>\n<td valign=\"top\" width=\"84\">\n<p align=\"center\">19<\/p>\n<\/td>\n<td valign=\"top\" width=\"339\">MAICON ALEXANDRE SANTOS DA CONCEI\u00c3\u2021\u00c3\u0192O<\/td>\n<\/tr>\n<tr>\n<td valign=\"top\" width=\"84\">\n<p align=\"center\">20<\/p>\n<\/td>\n<td valign=\"top\" width=\"339\">MAURICIO DO ROSARIO SANTOS<\/td>\n<\/tr>\n<tr>\n<td valign=\"top\" width=\"84\">\n<p align=\"center\">21<\/p>\n<\/td>\n<td valign=\"top\" width=\"339\">PATRICK DOS SANTOS OLIVEIRA<\/td>\n<\/tr>\n<tr>\n<td valign=\"top\" width=\"84\">\n<p align=\"center\">22<\/p>\n<\/td>\n<td valign=\"top\" width=\"339\">PEDRO LUCAS DE ARAUJO RODRIGUES<\/td>\n<\/tr>\n<tr>\n<td valign=\"top\" width=\"84\">\n<p align=\"center\">23<\/p>\n<\/td>\n<td valign=\"top\" width=\"339\">PAULO HENRIQUE JESUS DOS SANTOS<\/td>\n<\/tr>\n<tr>\n<td valign=\"top\" width=\"84\">\n<p align=\"center\">24<\/p>\n<\/td>\n<td valign=\"top\" width=\"339\">RAIANA DE JESUS OLIVEIRA<\/td>\n<\/tr>\n<tr>\n<td valign=\"top\" width=\"84\">\n<p align=\"center\">25<\/p>\n<\/td>\n<td valign=\"top\" width=\"339\">RAMON NASCIMENTO SOUSA<\/td>\n<\/tr>\n<\/tbody>\n<\/table>\n<p>&nbsp;<\/p>\n","protected":false},"excerpt":{"rendered":"<p>As aulas ter\u00e3o in\u00edcio no dia 17 de abril. N\u00daMERO NOME DO ALUNO 01 ALISSON DE JESUS SANTOS 02 AIALA DE JESUS OLIVE 03 BRUNO OILIVEIRA DE JESU 04 CRISTIAN SANTOS SOUSA 05 CLEISSON SANTOS DE JESUS 06 CAIK DA SILVA SANTOS 07 DANIEL QUEIROZ OLIVEIRA 08 EZEQUIAS DE SOUZA MIRANDA 09 FABIO DE JESUS [&hellip;]<\/p>\n","protected":false},"author":6,"featured_media":0,"comment_status":"open","ping_status":"open","sticky":false,"template":"","format":"standard","meta":[],"categories":[26],"tags":[],"_links":{"self":[{"href":"https:\/\/www.ifbaiano.edu.br\/unidades\/valenca\/wp-json\/wp\/v2\/posts\/1628"}],"collection":[{"href":"https:\/\/www.ifbaiano.edu.br\/unidades\/valenca\/wp-json\/wp\/v2\/posts"}],"about":[{"href":"https:\/\/www.ifbaiano.edu.br\/unidades\/valenca\/wp-json\/wp\/v2\/types\/post"}],"author":[{"embeddable":true,"href":"https:\/\/www.ifbaiano.edu.br\/unidades\/valenca\/wp-json\/wp\/v2\/users\/6"}],"replies":[{"embeddable":true,"href":"https:\/\/www.ifbaiano.edu.br\/unidades\/valenca\/wp-json\/wp\/v2\/comments?post=1628"}],"version-history":[{"count":5,"href":"https:\/\/www.ifbaiano.edu.br\/unidades\/valenca\/wp-json\/wp\/v2\/posts\/1628\/revisions"}],"predecessor-version":[{"id":1630,"href":"https:\/\/www.ifbaiano.edu.br\/unidades\/valenca\/wp-json\/wp\/v2\/posts\/1628\/revisions\/1630"}],"wp:attachment":[{"href":"https:\/\/www.ifbaiano.edu.br\/unidades\/valenca\/wp-json\/wp\/v2\/media?parent=1628"}],"wp:term":[{"taxonomy":"category","embeddable":true,"href":"https:\/\/www.ifbaiano.edu.br\/unidades\/valenca\/wp-json\/wp\/v2\/categories?post=1628"},{"taxonomy":"post_tag","embeddable":true,"href":"https:\/\/www.ifbaiano.edu.br\/unidades\/valenca\/wp-json\/wp\/v2\/tags?post=1628"}],"curies":[{"name":"wp","href":"https:\/\/api.w.org\/{rel}","templated":true}]}}