{"id":1646,"date":"2012-04-09T16:24:31","date_gmt":"2012-04-09T16:24:31","guid":{"rendered":"http:\/\/www.ifbaiano.edu.br\/unidades\/valenca\/?p=1646"},"modified":"2012-04-09T16:31:44","modified_gmt":"2012-04-09T16:31:44","slug":"jornada-pedagogica-do-campus-tem-como-tema-avaliacao-calcos-e-percalcos","status":"publish","type":"post","link":"https:\/\/www.ifbaiano.edu.br\/unidades\/valenca\/2012\/04\/09\/jornada-pedagogica-do-campus-tem-como-tema-avaliacao-calcos-e-percalcos\/","title":{"rendered":"Jornada Pedag\u00f3gica do C\u00e2mpus tem como tema \u201cAvalia\u00e7\u00e3o \u2013 cal\u00e7os e percal\u00e7os\u201d"},"content":{"rendered":"<p>A Jornada Pedag\u00f3gica 2012 do C\u00e2mpus Valen\u00e7a acontecer\u00e1 nos pr\u00f3ximos dias 11 a 13 de abril, no Audit\u00f3rio do C\u00e2mpus, e tem a \u201cAvalia\u00e7\u00e3o\u201d como tem\u00e1tica.<\/p>\n<p>Segundo os organizadores a Jornada <em>\u201ctem como finalidade organizar o ano letivo para que as a\u00e7\u00f5es pedag\u00f3gicas possam ser concretizadas. Professores, coordenadores, pedagogos, diretores e t\u00e9cnicos participam de debates, trocas de id\u00e9ias, avaliar\u00e3o as a\u00e7\u00f5es do ano passado e planejaram as atividades para o pr\u00f3ximo ano letivo\u201d<\/em>.<\/p>\n<p>Confira <a href=\"http:\/\/www.ifbaiano.edu.br\/unidades\/valenca\/files\/2012\/04\/folder-jornada.pdf\">programa\u00e7\u00e3o<\/a>.<\/p>\n<p>&nbsp;<\/p>\n","protected":false},"excerpt":{"rendered":"<p>A Jornada Pedag\u00f3gica 2012 do C\u00e2mpus Valen\u00e7a acontecer\u00e1 nos pr\u00f3ximos dias 11 a 13 de abril, no Audit\u00f3rio do C\u00e2mpus, e tem a \u201cAvalia\u00e7\u00e3o\u201d como tem\u00e1tica. Segundo os organizadores a Jornada \u201ctem como finalidade organizar o ano letivo para que as a\u00e7\u00f5es pedag\u00f3gicas possam ser concretizadas. Professores, coordenadores, pedagogos, diretores e t\u00e9cnicos participam de debates, [&hellip;]<\/p>\n","protected":false},"author":6,"featured_media":0,"comment_status":"closed","ping_status":"closed","sticky":false,"template":"","format":"standard","meta":[],"categories":[5,6],"tags":[],"_links":{"self":[{"href":"https:\/\/www.ifbaiano.edu.br\/unidades\/valenca\/wp-json\/wp\/v2\/posts\/1646"}],"collection":[{"href":"https:\/\/www.ifbaiano.edu.br\/unidades\/valenca\/wp-json\/wp\/v2\/posts"}],"about":[{"href":"https:\/\/www.ifbaiano.edu.br\/unidades\/valenca\/wp-json\/wp\/v2\/types\/post"}],"author":[{"embeddable":true,"href":"https:\/\/www.ifbaiano.edu.br\/unidades\/valenca\/wp-json\/wp\/v2\/users\/6"}],"replies":[{"embeddable":true,"href":"https:\/\/www.ifbaiano.edu.br\/unidades\/valenca\/wp-json\/wp\/v2\/comments?post=1646"}],"version-history":[{"count":3,"href":"https:\/\/www.ifbaiano.edu.br\/unidades\/valenca\/wp-json\/wp\/v2\/posts\/1646\/revisions"}],"predecessor-version":[{"id":1651,"href":"https:\/\/www.ifbaiano.edu.br\/unidades\/valenca\/wp-json\/wp\/v2\/posts\/1646\/revisions\/1651"}],"wp:attachment":[{"href":"https:\/\/www.ifbaiano.edu.br\/unidades\/valenca\/wp-json\/wp\/v2\/media?parent=1646"}],"wp:term":[{"taxonomy":"category","embeddable":true,"href":"https:\/\/www.ifbaiano.edu.br\/unidades\/valenca\/wp-json\/wp\/v2\/categories?post=1646"},{"taxonomy":"post_tag","embeddable":true,"href":"https:\/\/www.ifbaiano.edu.br\/unidades\/valenca\/wp-json\/wp\/v2\/tags?post=1646"}],"curies":[{"name":"wp","href":"https:\/\/api.w.org\/{rel}","templated":true}]}}