{"id":1653,"date":"2012-04-14T10:17:20","date_gmt":"2012-04-14T10:17:20","guid":{"rendered":"http:\/\/www.ifbaiano.edu.br\/unidades\/valenca\/?p=1653"},"modified":"2012-04-15T00:20:38","modified_gmt":"2012-04-15T00:20:38","slug":"volta-as-aulas","status":"publish","type":"post","link":"https:\/\/www.ifbaiano.edu.br\/unidades\/valenca\/2012\/04\/14\/volta-as-aulas\/","title":{"rendered":"Volta \u00e0s aulas"},"content":{"rendered":"<p style=\"text-align: left\" align=\"center\">O C\u00e2mpus Valen\u00e7a inicia o ano letivo de 2012 nesta segunda, 16\/04, \u00e0s 7:30h.<\/p>\n<p>Toda\u00a0a\u00a0comunidade acad\u00eamica recebe os estudantes de bra\u00e7os abertos para mais um ano letivo que tem por objetivo solidificar uma educa\u00e7\u00e3o de qualidade pautada no trip\u00e9 ensino &#8211; pesquisa &#8211; extens\u00e3o.<\/p>\n<p>Confira calend\u00e1rio acad\u00eamico.<\/p>\n<p><a href=\"http:\/\/www.ifbaiano.edu.br\/unidades\/valenca\/files\/2012\/04\/calendario-2012-curso-integrado.pdf\">CALEND\u00c1RIO ACAD\u00caMICO DE 2012 DOS CURSOS INTEGRADOS<\/a><\/p>\n<p><a href=\"http:\/\/www.ifbaiano.edu.br\/unidades\/valenca\/files\/2012\/04\/calendario-2012-curso-subsequente.pdf\">CALEND\u00c1RIO ACAD\u00caMICO DE 2012 DOS CURSOS SUBSEQUENTES<\/a><\/p>\n<p>&nbsp;<\/p>\n","protected":false},"excerpt":{"rendered":"<p>O C\u00e2mpus Valen\u00e7a inicia o ano letivo de 2012 nesta segunda, 16\/04, \u00e0s 7:30h. Toda\u00a0a\u00a0comunidade acad\u00eamica recebe os estudantes de bra\u00e7os abertos para mais um ano letivo que tem por objetivo solidificar uma educa\u00e7\u00e3o de qualidade pautada no trip\u00e9 ensino &#8211; pesquisa &#8211; extens\u00e3o. Confira calend\u00e1rio acad\u00eamico. CALEND\u00c1RIO ACAD\u00caMICO DE 2012 DOS CURSOS INTEGRADOS CALEND\u00c1RIO [&hellip;]<\/p>\n","protected":false},"author":6,"featured_media":0,"comment_status":"open","ping_status":"open","sticky":false,"template":"","format":"standard","meta":[],"categories":[5,6],"tags":[],"_links":{"self":[{"href":"https:\/\/www.ifbaiano.edu.br\/unidades\/valenca\/wp-json\/wp\/v2\/posts\/1653"}],"collection":[{"href":"https:\/\/www.ifbaiano.edu.br\/unidades\/valenca\/wp-json\/wp\/v2\/posts"}],"about":[{"href":"https:\/\/www.ifbaiano.edu.br\/unidades\/valenca\/wp-json\/wp\/v2\/types\/post"}],"author":[{"embeddable":true,"href":"https:\/\/www.ifbaiano.edu.br\/unidades\/valenca\/wp-json\/wp\/v2\/users\/6"}],"replies":[{"embeddable":true,"href":"https:\/\/www.ifbaiano.edu.br\/unidades\/valenca\/wp-json\/wp\/v2\/comments?post=1653"}],"version-history":[{"count":5,"href":"https:\/\/www.ifbaiano.edu.br\/unidades\/valenca\/wp-json\/wp\/v2\/posts\/1653\/revisions"}],"predecessor-version":[{"id":1661,"href":"https:\/\/www.ifbaiano.edu.br\/unidades\/valenca\/wp-json\/wp\/v2\/posts\/1653\/revisions\/1661"}],"wp:attachment":[{"href":"https:\/\/www.ifbaiano.edu.br\/unidades\/valenca\/wp-json\/wp\/v2\/media?parent=1653"}],"wp:term":[{"taxonomy":"category","embeddable":true,"href":"https:\/\/www.ifbaiano.edu.br\/unidades\/valenca\/wp-json\/wp\/v2\/categories?post=1653"},{"taxonomy":"post_tag","embeddable":true,"href":"https:\/\/www.ifbaiano.edu.br\/unidades\/valenca\/wp-json\/wp\/v2\/tags?post=1653"}],"curies":[{"name":"wp","href":"https:\/\/api.w.org\/{rel}","templated":true}]}}