{"id":1671,"date":"2012-04-17T00:18:08","date_gmt":"2012-04-17T00:18:08","guid":{"rendered":"http:\/\/www.ifbaiano.edu.br\/unidades\/valenca\/?p=1671"},"modified":"2012-04-17T00:39:45","modified_gmt":"2012-04-17T00:39:45","slug":"servidores-do-campus-participam-de-curso-de-capacitacao-qualidade-no-atendimento","status":"publish","type":"post","link":"https:\/\/www.ifbaiano.edu.br\/unidades\/valenca\/2012\/04\/17\/servidores-do-campus-participam-de-curso-de-capacitacao-qualidade-no-atendimento\/","title":{"rendered":"Servidores do C\u00e2mpus participam de curso de capacita\u00e7\u00e3o  \u201cQualidade no Atendimento\u201d"},"content":{"rendered":"<p style=\"text-align: left\" align=\"center\">Os servidores do C\u00e2mpus Valen\u00e7a que participam do\u00a0 curso de capacita\u00e7\u00e3o em \u201cQualidade no Atendimento\u201d realizaram hoje, 16\/04, a primeira avalia\u00e7\u00e3o de desempenho no curso.<\/p>\n<p>A capacita\u00e7\u00e3o visa fornecer subs\u00eddios para a\u00a0 forma\u00e7\u00e3o do servidor p\u00fablico para que o mesmo seja: \u00e9tico, perspicaz,\u00a0 autoconfiante e com habilidade no trato com o p\u00fablico. \u00c9 composto por nove\u00a0 t\u00f3picos, envolvendo quest\u00f5es de \u00e9tica, comunica\u00e7\u00e3o e atendimento ao p\u00fablico.<\/p>\n<p>Na modalidade Ensino a Dist\u00e2ncia (EaD), o curso, de\u00a0 120 horas, \u00e9 promovido pela Diretoria de Gest\u00e3o de Pessoas atrav\u00e9s da\u00a0 Coordena\u00e7\u00e3o de Desenvolvimento de Pessoas e a Universidade Federal da Bahia.<\/p>\n<p><img decoding=\"async\" loading=\"lazy\" class=\"aligncenter size-medium wp-image-1680\" src=\"http:\/\/www.ifbaiano.edu.br\/unidades\/valenca\/files\/2012\/04\/DSC02137a4-300x225.jpg\" alt=\"\" width=\"300\" height=\"225\" srcset=\"https:\/\/www.ifbaiano.edu.br\/unidades\/valenca\/files\/2012\/04\/DSC02137a4-300x225.jpg 300w, https:\/\/www.ifbaiano.edu.br\/unidades\/valenca\/files\/2012\/04\/DSC02137a4-400x300.jpg 400w, https:\/\/www.ifbaiano.edu.br\/unidades\/valenca\/files\/2012\/04\/DSC02137a4.jpg 816w\" sizes=\"(max-width: 300px) 100vw, 300px\" \/><\/p>\n","protected":false},"excerpt":{"rendered":"<p>Os servidores do C\u00e2mpus Valen\u00e7a que participam do\u00a0 curso de capacita\u00e7\u00e3o em \u201cQualidade no Atendimento\u201d realizaram hoje, 16\/04, a primeira avalia\u00e7\u00e3o de desempenho no curso. A capacita\u00e7\u00e3o visa fornecer subs\u00eddios para a\u00a0 forma\u00e7\u00e3o do servidor p\u00fablico para que o mesmo seja: \u00e9tico, perspicaz,\u00a0 autoconfiante e com habilidade no trato com o p\u00fablico. \u00c9 composto por [&hellip;]<\/p>\n","protected":false},"author":6,"featured_media":0,"comment_status":"open","ping_status":"open","sticky":false,"template":"","format":"standard","meta":[],"categories":[8],"tags":[],"_links":{"self":[{"href":"https:\/\/www.ifbaiano.edu.br\/unidades\/valenca\/wp-json\/wp\/v2\/posts\/1671"}],"collection":[{"href":"https:\/\/www.ifbaiano.edu.br\/unidades\/valenca\/wp-json\/wp\/v2\/posts"}],"about":[{"href":"https:\/\/www.ifbaiano.edu.br\/unidades\/valenca\/wp-json\/wp\/v2\/types\/post"}],"author":[{"embeddable":true,"href":"https:\/\/www.ifbaiano.edu.br\/unidades\/valenca\/wp-json\/wp\/v2\/users\/6"}],"replies":[{"embeddable":true,"href":"https:\/\/www.ifbaiano.edu.br\/unidades\/valenca\/wp-json\/wp\/v2\/comments?post=1671"}],"version-history":[{"count":5,"href":"https:\/\/www.ifbaiano.edu.br\/unidades\/valenca\/wp-json\/wp\/v2\/posts\/1671\/revisions"}],"predecessor-version":[{"id":1683,"href":"https:\/\/www.ifbaiano.edu.br\/unidades\/valenca\/wp-json\/wp\/v2\/posts\/1671\/revisions\/1683"}],"wp:attachment":[{"href":"https:\/\/www.ifbaiano.edu.br\/unidades\/valenca\/wp-json\/wp\/v2\/media?parent=1671"}],"wp:term":[{"taxonomy":"category","embeddable":true,"href":"https:\/\/www.ifbaiano.edu.br\/unidades\/valenca\/wp-json\/wp\/v2\/categories?post=1671"},{"taxonomy":"post_tag","embeddable":true,"href":"https:\/\/www.ifbaiano.edu.br\/unidades\/valenca\/wp-json\/wp\/v2\/tags?post=1671"}],"curies":[{"name":"wp","href":"https:\/\/api.w.org\/{rel}","templated":true}]}}