{"id":1686,"date":"2012-04-20T19:38:50","date_gmt":"2012-04-20T19:38:50","guid":{"rendered":"http:\/\/www.ifbaiano.edu.br\/unidades\/valenca\/?p=1686"},"modified":"2012-05-07T22:22:23","modified_gmt":"2012-05-07T22:22:23","slug":"if-baiano-campus-valenca-convova-candidatos-para-admissao-como-estagiarios","status":"publish","type":"post","link":"https:\/\/www.ifbaiano.edu.br\/unidades\/valenca\/2012\/04\/20\/if-baiano-campus-valenca-convova-candidatos-para-admissao-como-estagiarios\/","title":{"rendered":"IF Baiano C\u00e2mpus Valen\u00e7a CONVOCA candidatos para admiss\u00e3o como Estagi\u00e1rios"},"content":{"rendered":"<p style=\"text-align: left\" align=\"center\">Os\u00a0<a href=\"http:\/\/www.ifbaiano.edu.br\/unidades\/valenca\/files\/2012\/04\/CANDIDATOS-CONVOCADOS.pdf\">candidatos convocados<\/a> devem comparecer no C\u00e2mpus, no per\u00edodo de <strong>23 a 25 do m\u00eas de abril de 2012<\/strong>, de 8h at\u00e9 11h, no N\u00facleo de Apoio a Gest\u00e3o de Pessoas (Rua Glic\u00e9rio Tavares, s\/n &#8211; Bairro Bate Quente, Valen\u00e7a\/BA), para apresentar os\u00a0<a href=\"http:\/\/www.ifbaiano.edu.br\/unidades\/valenca\/files\/2012\/04\/DOCUMENTACAO.pdf\">documentos e exames necess\u00e1rios <\/a> para a admiss\u00e3o como estagi\u00e1rio do Instituto Federal Baiano \u2013 <em>Campus <\/em>Valen\u00e7a.<\/p>\n<p>O n\u00e3o comparecimento do candidato\u00a0convocado nos dias e hor\u00e1rios marcados implicar\u00e1 na desclassifica\u00e7\u00e3o do mesmo, sem direito a recurso ou reclama\u00e7\u00e3o\u00a0 posterior.<\/p>\n<p>Confira <a href=\"http:\/\/www.ifbaiano.edu.br\/unidades\/valenca\/files\/2012\/04\/edital_convocacao_estagio.pdf\">Edital de Convoca\u00e7\u00e3o.<\/a><\/p>\n","protected":false},"excerpt":{"rendered":"<p>Os\u00a0candidatos convocados devem comparecer no C\u00e2mpus, no per\u00edodo de 23 a 25 do m\u00eas de abril de 2012, de 8h at\u00e9 11h, no N\u00facleo de Apoio a Gest\u00e3o de Pessoas (Rua Glic\u00e9rio Tavares, s\/n &#8211; Bairro Bate Quente, Valen\u00e7a\/BA), para apresentar os\u00a0documentos e exames necess\u00e1rios para a admiss\u00e3o como estagi\u00e1rio do Instituto Federal Baiano \u2013 [&hellip;]<\/p>\n","protected":false},"author":6,"featured_media":0,"comment_status":"closed","ping_status":"closed","sticky":false,"template":"","format":"standard","meta":[],"categories":[32],"tags":[],"_links":{"self":[{"href":"https:\/\/www.ifbaiano.edu.br\/unidades\/valenca\/wp-json\/wp\/v2\/posts\/1686"}],"collection":[{"href":"https:\/\/www.ifbaiano.edu.br\/unidades\/valenca\/wp-json\/wp\/v2\/posts"}],"about":[{"href":"https:\/\/www.ifbaiano.edu.br\/unidades\/valenca\/wp-json\/wp\/v2\/types\/post"}],"author":[{"embeddable":true,"href":"https:\/\/www.ifbaiano.edu.br\/unidades\/valenca\/wp-json\/wp\/v2\/users\/6"}],"replies":[{"embeddable":true,"href":"https:\/\/www.ifbaiano.edu.br\/unidades\/valenca\/wp-json\/wp\/v2\/comments?post=1686"}],"version-history":[{"count":11,"href":"https:\/\/www.ifbaiano.edu.br\/unidades\/valenca\/wp-json\/wp\/v2\/posts\/1686\/revisions"}],"predecessor-version":[{"id":1697,"href":"https:\/\/www.ifbaiano.edu.br\/unidades\/valenca\/wp-json\/wp\/v2\/posts\/1686\/revisions\/1697"}],"wp:attachment":[{"href":"https:\/\/www.ifbaiano.edu.br\/unidades\/valenca\/wp-json\/wp\/v2\/media?parent=1686"}],"wp:term":[{"taxonomy":"category","embeddable":true,"href":"https:\/\/www.ifbaiano.edu.br\/unidades\/valenca\/wp-json\/wp\/v2\/categories?post=1686"},{"taxonomy":"post_tag","embeddable":true,"href":"https:\/\/www.ifbaiano.edu.br\/unidades\/valenca\/wp-json\/wp\/v2\/tags?post=1686"}],"curies":[{"name":"wp","href":"https:\/\/api.w.org\/{rel}","templated":true}]}}