{"id":1690,"date":"2012-04-17T12:47:10","date_gmt":"2012-04-17T12:47:10","guid":{"rendered":"http:\/\/www.ifbaiano.edu.br\/unidades\/valenca\/?p=1690"},"modified":"2012-05-07T22:23:04","modified_gmt":"2012-05-07T22:23:04","slug":"campus-valenca-homologa-o-resultado-final-do-processo-seletivo-de-contratacao-de-estagiarios","status":"publish","type":"post","link":"https:\/\/www.ifbaiano.edu.br\/unidades\/valenca\/2012\/04\/17\/campus-valenca-homologa-o-resultado-final-do-processo-seletivo-de-contratacao-de-estagiarios\/","title":{"rendered":"C\u00e2mpus Valen\u00e7a HOMOLOGA o resultado final do Processo Seletivo de Contrata\u00e7\u00e3o de Estagi\u00e1rios"},"content":{"rendered":"<p style=\"text-align: left\" align=\"center\">O prazo de validade deste processo seletivo ser\u00e1 de 1 ano, podendo ser prorrogado por mais 01 ano, a crit\u00e9rio da Administra\u00e7\u00e3o.<\/p>\n<p style=\"text-align: left\" align=\"center\">Confira <a href=\"http:\/\/www.ifbaiano.edu.br\/unidades\/valenca\/files\/2012\/04\/edital_homologa_resultado.pdf\">Edital de homologa\u00e7\u00e3o.<\/a><\/p>\n<p>&nbsp;<\/p>\n","protected":false},"excerpt":{"rendered":"<p>O prazo de validade deste processo seletivo ser\u00e1 de 1 ano, podendo ser prorrogado por mais 01 ano, a crit\u00e9rio da Administra\u00e7\u00e3o. Confira Edital de homologa\u00e7\u00e3o. &nbsp;<\/p>\n","protected":false},"author":6,"featured_media":0,"comment_status":"closed","ping_status":"closed","sticky":false,"template":"","format":"standard","meta":[],"categories":[32],"tags":[],"_links":{"self":[{"href":"https:\/\/www.ifbaiano.edu.br\/unidades\/valenca\/wp-json\/wp\/v2\/posts\/1690"}],"collection":[{"href":"https:\/\/www.ifbaiano.edu.br\/unidades\/valenca\/wp-json\/wp\/v2\/posts"}],"about":[{"href":"https:\/\/www.ifbaiano.edu.br\/unidades\/valenca\/wp-json\/wp\/v2\/types\/post"}],"author":[{"embeddable":true,"href":"https:\/\/www.ifbaiano.edu.br\/unidades\/valenca\/wp-json\/wp\/v2\/users\/6"}],"replies":[{"embeddable":true,"href":"https:\/\/www.ifbaiano.edu.br\/unidades\/valenca\/wp-json\/wp\/v2\/comments?post=1690"}],"version-history":[{"count":8,"href":"https:\/\/www.ifbaiano.edu.br\/unidades\/valenca\/wp-json\/wp\/v2\/posts\/1690\/revisions"}],"predecessor-version":[{"id":1785,"href":"https:\/\/www.ifbaiano.edu.br\/unidades\/valenca\/wp-json\/wp\/v2\/posts\/1690\/revisions\/1785"}],"wp:attachment":[{"href":"https:\/\/www.ifbaiano.edu.br\/unidades\/valenca\/wp-json\/wp\/v2\/media?parent=1690"}],"wp:term":[{"taxonomy":"category","embeddable":true,"href":"https:\/\/www.ifbaiano.edu.br\/unidades\/valenca\/wp-json\/wp\/v2\/categories?post=1690"},{"taxonomy":"post_tag","embeddable":true,"href":"https:\/\/www.ifbaiano.edu.br\/unidades\/valenca\/wp-json\/wp\/v2\/tags?post=1690"}],"curies":[{"name":"wp","href":"https:\/\/api.w.org\/{rel}","templated":true}]}}