{"id":1717,"date":"2012-04-17T17:55:29","date_gmt":"2012-04-17T17:55:29","guid":{"rendered":"http:\/\/www.ifbaiano.edu.br\/unidades\/valenca\/?p=1717"},"modified":"2012-05-10T17:52:47","modified_gmt":"2012-05-10T17:52:47","slug":"if-baiano-lanca-edital-para-bolsas-de-iniciacao-em-extensao","status":"publish","type":"post","link":"https:\/\/www.ifbaiano.edu.br\/unidades\/valenca\/2012\/04\/17\/if-baiano-lanca-edital-para-bolsas-de-iniciacao-em-extensao\/","title":{"rendered":"IF Baiano lan\u00e7a edital para Bolsas de Inicia\u00e7\u00e3o em Extens\u00e3o"},"content":{"rendered":"<p>A partir do dia 23 de abril 2012, estar\u00e3o abertas as inscri\u00e7\u00f5es para Bolsas de Inicia\u00e7\u00e3o em Extens\u00e3o nas modalidades J\u00fanior e N\u00edvel Superior. Ser\u00e3o ofertadas 136 bolsas para a modalidade J\u00fanior (N\u00edvel M\u00e9dio) e 68 para N\u00edvel Superior vinculadas a apresenta\u00e7\u00e3o e aprova\u00e7\u00e3o de um projeto de extens\u00e3o submetido por dois alunos e sob orienta\u00e7\u00e3o de um professor ou t\u00e9cnico de N\u00edvel Superior.<\/p>\n<p>A ficha de inscri\u00e7\u00e3o e o arquivo do projeto devem ser encaminhados para o endere\u00e7o eletr\u00f4nico: <a href=\"mailto:pibic.extensao@ifbaiano.edu.br\">pibic.extensao@ifbaiano.edu.br<\/a>\u00a0. <strong>O prazo final de envio das propostas \u00e9 18 de maio.<\/strong><\/p>\n<p>Os projetos contemplados devem ser executados entre <strong>02\/07\/2012 e 31\/01\/2013.<\/strong><\/p>\n<p>Clique <a title=\"aqui\" href=\"http:\/\/www.ifbaiano.edu.br\/portal\/?page_id=1884\" target=\"_blank\">aqui<\/a> \u00a0para ver os editais e seus anexos.<\/p>\n<p>&nbsp;<\/p>\n<p style=\"text-align: right\">Fonte: ASCOM\/Reitoria<\/p>\n","protected":false},"excerpt":{"rendered":"<p>A partir do dia 23 de abril 2012, estar\u00e3o abertas as inscri\u00e7\u00f5es para Bolsas de Inicia\u00e7\u00e3o em Extens\u00e3o nas modalidades J\u00fanior e N\u00edvel Superior. Ser\u00e3o ofertadas 136 bolsas para a modalidade J\u00fanior (N\u00edvel M\u00e9dio) e 68 para N\u00edvel Superior vinculadas a apresenta\u00e7\u00e3o e aprova\u00e7\u00e3o de um projeto de extens\u00e3o submetido por dois alunos e sob [&hellip;]<\/p>\n","protected":false},"author":6,"featured_media":0,"comment_status":"closed","ping_status":"closed","sticky":false,"template":"","format":"standard","meta":[],"categories":[26],"tags":[],"_links":{"self":[{"href":"https:\/\/www.ifbaiano.edu.br\/unidades\/valenca\/wp-json\/wp\/v2\/posts\/1717"}],"collection":[{"href":"https:\/\/www.ifbaiano.edu.br\/unidades\/valenca\/wp-json\/wp\/v2\/posts"}],"about":[{"href":"https:\/\/www.ifbaiano.edu.br\/unidades\/valenca\/wp-json\/wp\/v2\/types\/post"}],"author":[{"embeddable":true,"href":"https:\/\/www.ifbaiano.edu.br\/unidades\/valenca\/wp-json\/wp\/v2\/users\/6"}],"replies":[{"embeddable":true,"href":"https:\/\/www.ifbaiano.edu.br\/unidades\/valenca\/wp-json\/wp\/v2\/comments?post=1717"}],"version-history":[{"count":4,"href":"https:\/\/www.ifbaiano.edu.br\/unidades\/valenca\/wp-json\/wp\/v2\/posts\/1717\/revisions"}],"predecessor-version":[{"id":1801,"href":"https:\/\/www.ifbaiano.edu.br\/unidades\/valenca\/wp-json\/wp\/v2\/posts\/1717\/revisions\/1801"}],"wp:attachment":[{"href":"https:\/\/www.ifbaiano.edu.br\/unidades\/valenca\/wp-json\/wp\/v2\/media?parent=1717"}],"wp:term":[{"taxonomy":"category","embeddable":true,"href":"https:\/\/www.ifbaiano.edu.br\/unidades\/valenca\/wp-json\/wp\/v2\/categories?post=1717"},{"taxonomy":"post_tag","embeddable":true,"href":"https:\/\/www.ifbaiano.edu.br\/unidades\/valenca\/wp-json\/wp\/v2\/tags?post=1717"}],"curies":[{"name":"wp","href":"https:\/\/api.w.org\/{rel}","templated":true}]}}