{"id":1720,"date":"2012-04-17T18:06:12","date_gmt":"2012-04-17T18:06:12","guid":{"rendered":"http:\/\/www.ifbaiano.edu.br\/unidades\/valenca\/?p=1720"},"modified":"2012-05-10T17:52:35","modified_gmt":"2012-05-10T17:52:35","slug":"if-baiano-lanca-edital-para-bolsas-de-iniciacao-em-pesquisa","status":"publish","type":"post","link":"https:\/\/www.ifbaiano.edu.br\/unidades\/valenca\/2012\/04\/17\/if-baiano-lanca-edital-para-bolsas-de-iniciacao-em-pesquisa\/","title":{"rendered":"IF Baiano lan\u00e7a edital para Bolsas de Inicia\u00e7\u00e3o em Pesquisa"},"content":{"rendered":"<p style=\"text-align: left\" align=\"center\">A partir do dia 23 de abril 2012, estar\u00e3o abertas as inscri\u00e7\u00f5es referentes ao Programa de Bolsas de Inicia\u00e7\u00e3o Cient\u00edfica e Inicia\u00e7\u00e3o Cient\u00edfica\u00a0 J\u00fanior do IF Baiano. Ser\u00e3o ofertadas 136 bolsas para a modalidade J\u00fanior (N\u00edvel M\u00e9dio) e 52 para N\u00edvel Superior vinculadas a apresenta\u00e7\u00e3o e aprova\u00e7\u00e3o de um projeto de pesquisa submetido por dois alunos e sob orienta\u00e7\u00e3o de um professor ou t\u00e9cnico de N\u00edvel Superior.<\/p>\n<p>A inscri\u00e7\u00e3o ser\u00e1 on-line realizada pelo orientador, por meio do sistema de confer\u00eancia do IF Baiano (http:\/\/conferencia.ifbaiano.edu.br). <strong>O prazo final de envio das propostas \u00e9 18 de maio.<\/strong><\/p>\n<p>Os projetos contemplados devem ser executados entre <strong>02\/07\/2012 e 31\/01\/2013.<\/strong><\/p>\n<p>Clique <a title=\"http:\/\/www.ifbaiano.edu.br\/portal\/?page_id=4346\" href=\"http:\/\/www.ifbaiano.edu.br\/portal\/?page_id=4346\" target=\"_blank\">aqui<\/a>\u00a0para ver os editais e seus anexos.<\/p>\n<p>&nbsp;<\/p>\n<p style=\"text-align: right\">Fonte: ASCOM\/Reitoria<\/p>\n","protected":false},"excerpt":{"rendered":"<p>A partir do dia 23 de abril 2012, estar\u00e3o abertas as inscri\u00e7\u00f5es referentes ao Programa de Bolsas de Inicia\u00e7\u00e3o Cient\u00edfica e Inicia\u00e7\u00e3o Cient\u00edfica\u00a0 J\u00fanior do IF Baiano. Ser\u00e3o ofertadas 136 bolsas para a modalidade J\u00fanior (N\u00edvel M\u00e9dio) e 52 para N\u00edvel Superior vinculadas a apresenta\u00e7\u00e3o e aprova\u00e7\u00e3o de um projeto de pesquisa submetido por dois [&hellip;]<\/p>\n","protected":false},"author":6,"featured_media":0,"comment_status":"closed","ping_status":"closed","sticky":false,"template":"","format":"standard","meta":[],"categories":[29],"tags":[],"_links":{"self":[{"href":"https:\/\/www.ifbaiano.edu.br\/unidades\/valenca\/wp-json\/wp\/v2\/posts\/1720"}],"collection":[{"href":"https:\/\/www.ifbaiano.edu.br\/unidades\/valenca\/wp-json\/wp\/v2\/posts"}],"about":[{"href":"https:\/\/www.ifbaiano.edu.br\/unidades\/valenca\/wp-json\/wp\/v2\/types\/post"}],"author":[{"embeddable":true,"href":"https:\/\/www.ifbaiano.edu.br\/unidades\/valenca\/wp-json\/wp\/v2\/users\/6"}],"replies":[{"embeddable":true,"href":"https:\/\/www.ifbaiano.edu.br\/unidades\/valenca\/wp-json\/wp\/v2\/comments?post=1720"}],"version-history":[{"count":5,"href":"https:\/\/www.ifbaiano.edu.br\/unidades\/valenca\/wp-json\/wp\/v2\/posts\/1720\/revisions"}],"predecessor-version":[{"id":1800,"href":"https:\/\/www.ifbaiano.edu.br\/unidades\/valenca\/wp-json\/wp\/v2\/posts\/1720\/revisions\/1800"}],"wp:attachment":[{"href":"https:\/\/www.ifbaiano.edu.br\/unidades\/valenca\/wp-json\/wp\/v2\/media?parent=1720"}],"wp:term":[{"taxonomy":"category","embeddable":true,"href":"https:\/\/www.ifbaiano.edu.br\/unidades\/valenca\/wp-json\/wp\/v2\/categories?post=1720"},{"taxonomy":"post_tag","embeddable":true,"href":"https:\/\/www.ifbaiano.edu.br\/unidades\/valenca\/wp-json\/wp\/v2\/tags?post=1720"}],"curies":[{"name":"wp","href":"https:\/\/api.w.org\/{rel}","templated":true}]}}