{"id":1735,"date":"2012-04-19T13:34:39","date_gmt":"2012-04-19T13:34:39","guid":{"rendered":"http:\/\/www.ifbaiano.edu.br\/unidades\/valenca\/?p=1735"},"modified":"2012-04-19T13:50:52","modified_gmt":"2012-04-19T13:50:52","slug":"selecao-de-alunos-bolsistas-para-o-programa-de-formacao-de-recursos-humanos-pfrh-da-petrobras","status":"publish","type":"post","link":"https:\/\/www.ifbaiano.edu.br\/unidades\/valenca\/2012\/04\/19\/selecao-de-alunos-bolsistas-para-o-programa-de-formacao-de-recursos-humanos-pfrh-da-petrobras\/","title":{"rendered":"Sele\u00e7\u00e3o de alunos bolsistas para o Programa de Forma\u00e7\u00e3o de Recursos Humanos (PFRH) da Petrobras"},"content":{"rendered":"<p style=\"text-align: left\" align=\"center\">S\u00e3o mais de 597 bolsas, com valor mensal de R$ 350,00, que beneficiar\u00e3o 25 turmas dos Cursos de Agropecu\u00e1ria, Agrimensura, Agroecologia,\u00a0Meio Ambiente e Opera\u00e7\u00e3o e Produ\u00e7\u00e3o de Petr\u00f3leo, de alguns <em>Campi<\/em> do Instituto, dentre eles o C\u00e2mpus Valen\u00e7a.<\/p>\n<p>O Programa de Forma\u00e7\u00e3o de Recursos Humanos (PRFH) faz parte do conv\u00eanio firmado entre o Instituto Federal Baiano, a Petrobras e a Funda\u00e7\u00e3o de Apoio a Educa\u00e7\u00e3o ao Desenvolvimento Tecnol\u00f3gico \u2013 FUNCEFETSE, e visa fomentar a forma\u00e7\u00e3o de alunos dos cursos t\u00e9cnicos do Instituto Federal de Educa\u00e7\u00e3o, Ci\u00eancia e Tecnologia Baiano, estimular o desempenho, reduzir a evas\u00e3o escolar e despertar o interesse da m\u00e3o de obra t\u00e9cnica para o setor de Petr\u00f3leo, G\u00e1s, Energia e Biocombust\u00edveis, atrav\u00e9s da concess\u00e3o de bolsas de estudos.<\/p>\n<p>As inscri\u00e7\u00f5es j\u00e1 est\u00e3o abertas e finalizam em 27 de abril de 2012. Acesse o <a href=\"http:\/\/www.ifbaiano.edu.br\/unidades\/valenca\/files\/2012\/04\/RetificacaodoEdital49-petobras.pdf\">Edital de Retifica\u00e7\u00e3o n\u00ba 049\/2012<\/a>.<\/p>\n<p>Confira\u00a0<a href=\"http:\/\/www.ifbaiano.edu.br\/unidades\/valenca\/files\/2012\/04\/CHAMADA-I-Petobras.pdf\">aqui<\/a> o Edital.<\/p>\n<p>O resultado da sele\u00e7\u00e3o sai dia 04\/05.<\/p>\n<p><strong>Para maiores informa\u00e7\u00f5es procure Professora Adailde do Carmo,\u00a0 no C\u00e2mpus Valen\u00e7a &#8211;\u00a0sala n\u00ba 03, ou acesse o site: <a href=\"http:\/\/www.ifbaiano.edu.br\/pro-reitorias\/prodin\">http:\/\/www.ifbaiano.edu.br\/pro-reitorias\/prodin<\/a><\/strong><\/p>\n<p>&nbsp;<\/p>\n","protected":false},"excerpt":{"rendered":"<p>S\u00e3o mais de 597 bolsas, com valor mensal de R$ 350,00, que beneficiar\u00e3o 25 turmas dos Cursos de Agropecu\u00e1ria, Agrimensura, Agroecologia,\u00a0Meio Ambiente e Opera\u00e7\u00e3o e Produ\u00e7\u00e3o de Petr\u00f3leo, de alguns Campi do Instituto, dentre eles o C\u00e2mpus Valen\u00e7a. O Programa de Forma\u00e7\u00e3o de Recursos Humanos (PRFH) faz parte do conv\u00eanio firmado entre o Instituto Federal [&hellip;]<\/p>\n","protected":false},"author":6,"featured_media":0,"comment_status":"open","ping_status":"open","sticky":false,"template":"","format":"standard","meta":[],"categories":[5,35],"tags":[],"_links":{"self":[{"href":"https:\/\/www.ifbaiano.edu.br\/unidades\/valenca\/wp-json\/wp\/v2\/posts\/1735"}],"collection":[{"href":"https:\/\/www.ifbaiano.edu.br\/unidades\/valenca\/wp-json\/wp\/v2\/posts"}],"about":[{"href":"https:\/\/www.ifbaiano.edu.br\/unidades\/valenca\/wp-json\/wp\/v2\/types\/post"}],"author":[{"embeddable":true,"href":"https:\/\/www.ifbaiano.edu.br\/unidades\/valenca\/wp-json\/wp\/v2\/users\/6"}],"replies":[{"embeddable":true,"href":"https:\/\/www.ifbaiano.edu.br\/unidades\/valenca\/wp-json\/wp\/v2\/comments?post=1735"}],"version-history":[{"count":3,"href":"https:\/\/www.ifbaiano.edu.br\/unidades\/valenca\/wp-json\/wp\/v2\/posts\/1735\/revisions"}],"predecessor-version":[{"id":1741,"href":"https:\/\/www.ifbaiano.edu.br\/unidades\/valenca\/wp-json\/wp\/v2\/posts\/1735\/revisions\/1741"}],"wp:attachment":[{"href":"https:\/\/www.ifbaiano.edu.br\/unidades\/valenca\/wp-json\/wp\/v2\/media?parent=1735"}],"wp:term":[{"taxonomy":"category","embeddable":true,"href":"https:\/\/www.ifbaiano.edu.br\/unidades\/valenca\/wp-json\/wp\/v2\/categories?post=1735"},{"taxonomy":"post_tag","embeddable":true,"href":"https:\/\/www.ifbaiano.edu.br\/unidades\/valenca\/wp-json\/wp\/v2\/tags?post=1735"}],"curies":[{"name":"wp","href":"https:\/\/api.w.org\/{rel}","templated":true}]}}