{"id":1749,"date":"2012-04-20T22:23:36","date_gmt":"2012-04-20T22:23:36","guid":{"rendered":"http:\/\/www.ifbaiano.edu.br\/unidades\/valenca\/?p=1749"},"modified":"2012-04-20T22:23:36","modified_gmt":"2012-04-20T22:23:36","slug":"aparelhos-de-tv-e-dvd-sao-entregues-a-comunidade-do-gereba","status":"publish","type":"post","link":"https:\/\/www.ifbaiano.edu.br\/unidades\/valenca\/2012\/04\/20\/aparelhos-de-tv-e-dvd-sao-entregues-a-comunidade-do-gereba\/","title":{"rendered":"Aparelhos de TV e DVD s\u00e3o entregues \u00e0 comunidade do Gereba"},"content":{"rendered":"<p style=\"text-align: left\" align=\"center\">No \u00faltimo dia 20\/03\/2012 foram entregues 02 aparelhos de TV\u2019s e dois aparelhos de DVD\u2019s, fruto da a\u00e7\u00e3o solid\u00e1ria de servidores e alunos do C\u00e2mpus, \u00e0 comunidade do Gereba. Os recursos doados atender\u00e3o a nove (09) escolas da comunidade.<\/p>\n<p>Na oportunidade tamb\u00e9m foram entregues aproximadamente 300 Kg de alimentos, fruto da Gincana do 1\u00b0A e 1\u00b0B de Agropecu\u00e1ria, desenvolvida pelo prof. Pedro Geraldo, que muito contribuiu com a a\u00e7\u00e3o.<\/p>\n<div>\n<div>\n<p>&nbsp;<\/p>\n<\/div>\n<\/div>\n","protected":false},"excerpt":{"rendered":"<p>No \u00faltimo dia 20\/03\/2012 foram entregues 02 aparelhos de TV\u2019s e dois aparelhos de DVD\u2019s, fruto da a\u00e7\u00e3o solid\u00e1ria de servidores e alunos do C\u00e2mpus, \u00e0 comunidade do Gereba. Os recursos doados atender\u00e3o a nove (09) escolas da comunidade. Na oportunidade tamb\u00e9m foram entregues aproximadamente 300 Kg de alimentos, fruto da Gincana do 1\u00b0A e [&hellip;]<\/p>\n","protected":false},"author":6,"featured_media":0,"comment_status":"open","ping_status":"open","sticky":false,"template":"","format":"standard","meta":[],"categories":[4],"tags":[],"_links":{"self":[{"href":"https:\/\/www.ifbaiano.edu.br\/unidades\/valenca\/wp-json\/wp\/v2\/posts\/1749"}],"collection":[{"href":"https:\/\/www.ifbaiano.edu.br\/unidades\/valenca\/wp-json\/wp\/v2\/posts"}],"about":[{"href":"https:\/\/www.ifbaiano.edu.br\/unidades\/valenca\/wp-json\/wp\/v2\/types\/post"}],"author":[{"embeddable":true,"href":"https:\/\/www.ifbaiano.edu.br\/unidades\/valenca\/wp-json\/wp\/v2\/users\/6"}],"replies":[{"embeddable":true,"href":"https:\/\/www.ifbaiano.edu.br\/unidades\/valenca\/wp-json\/wp\/v2\/comments?post=1749"}],"version-history":[{"count":1,"href":"https:\/\/www.ifbaiano.edu.br\/unidades\/valenca\/wp-json\/wp\/v2\/posts\/1749\/revisions"}],"predecessor-version":[{"id":1750,"href":"https:\/\/www.ifbaiano.edu.br\/unidades\/valenca\/wp-json\/wp\/v2\/posts\/1749\/revisions\/1750"}],"wp:attachment":[{"href":"https:\/\/www.ifbaiano.edu.br\/unidades\/valenca\/wp-json\/wp\/v2\/media?parent=1749"}],"wp:term":[{"taxonomy":"category","embeddable":true,"href":"https:\/\/www.ifbaiano.edu.br\/unidades\/valenca\/wp-json\/wp\/v2\/categories?post=1749"},{"taxonomy":"post_tag","embeddable":true,"href":"https:\/\/www.ifbaiano.edu.br\/unidades\/valenca\/wp-json\/wp\/v2\/tags?post=1749"}],"curies":[{"name":"wp","href":"https:\/\/api.w.org\/{rel}","templated":true}]}}