{"id":1751,"date":"2012-04-20T22:28:18","date_gmt":"2012-04-20T22:28:18","guid":{"rendered":"http:\/\/www.ifbaiano.edu.br\/unidades\/valenca\/?p=1751"},"modified":"2012-04-24T00:21:47","modified_gmt":"2012-04-24T00:21:47","slug":"alunos-do-curso-tecnico-em-logistica-ead-fazem-visita-tecnica","status":"publish","type":"post","link":"https:\/\/www.ifbaiano.edu.br\/unidades\/valenca\/2012\/04\/20\/alunos-do-curso-tecnico-em-logistica-ead-fazem-visita-tecnica\/","title":{"rendered":"Alunos do curso T\u00e9cnico em Log\u00edstica (EaD) fazem visita t\u00e9cnica"},"content":{"rendered":"<p style=\"text-align: left\" align=\"center\">Os alunos do curso de Log\u00edstica realizaram visita no Centro de Distribui\u00e7\u00e3o das Lojas Guaibim (Valen\u00e7a \u2013 BA). Os funcion\u00e1rios respons\u00e1veis pelo setor, Elias e Cleonivaldo, expuseram sobre como funciona o processo de log\u00edstica da empresa, al\u00e9m de destacar como o mercado se encontra deficit\u00e1rio de t\u00e9cnicos nesta \u00e1rea.<\/p>\n<p><a href=\"http:\/\/www.ifbaiano.edu.br\/unidades\/valenca\/files\/2012\/04\/foto-1.jpg\"><img decoding=\"async\" loading=\"lazy\" class=\"aligncenter size-medium wp-image-1752\" src=\"http:\/\/www.ifbaiano.edu.br\/unidades\/valenca\/files\/2012\/04\/foto-1-300x199.jpg\" alt=\"\" width=\"300\" height=\"199\" srcset=\"https:\/\/www.ifbaiano.edu.br\/unidades\/valenca\/files\/2012\/04\/foto-1-300x199.jpg 300w, https:\/\/www.ifbaiano.edu.br\/unidades\/valenca\/files\/2012\/04\/foto-1-400x265.jpg 400w, https:\/\/www.ifbaiano.edu.br\/unidades\/valenca\/files\/2012\/04\/foto-1.jpg 737w\" sizes=\"(max-width: 300px) 100vw, 300px\" \/><\/a><\/p>\n","protected":false},"excerpt":{"rendered":"<p>Os alunos do curso de Log\u00edstica realizaram visita no Centro de Distribui\u00e7\u00e3o das Lojas Guaibim (Valen\u00e7a \u2013 BA). Os funcion\u00e1rios respons\u00e1veis pelo setor, Elias e Cleonivaldo, expuseram sobre como funciona o processo de log\u00edstica da empresa, al\u00e9m de destacar como o mercado se encontra deficit\u00e1rio de t\u00e9cnicos nesta \u00e1rea.<\/p>\n","protected":false},"author":6,"featured_media":0,"comment_status":"open","ping_status":"open","sticky":false,"template":"","format":"standard","meta":[],"categories":[44],"tags":[],"_links":{"self":[{"href":"https:\/\/www.ifbaiano.edu.br\/unidades\/valenca\/wp-json\/wp\/v2\/posts\/1751"}],"collection":[{"href":"https:\/\/www.ifbaiano.edu.br\/unidades\/valenca\/wp-json\/wp\/v2\/posts"}],"about":[{"href":"https:\/\/www.ifbaiano.edu.br\/unidades\/valenca\/wp-json\/wp\/v2\/types\/post"}],"author":[{"embeddable":true,"href":"https:\/\/www.ifbaiano.edu.br\/unidades\/valenca\/wp-json\/wp\/v2\/users\/6"}],"replies":[{"embeddable":true,"href":"https:\/\/www.ifbaiano.edu.br\/unidades\/valenca\/wp-json\/wp\/v2\/comments?post=1751"}],"version-history":[{"count":5,"href":"https:\/\/www.ifbaiano.edu.br\/unidades\/valenca\/wp-json\/wp\/v2\/posts\/1751\/revisions"}],"predecessor-version":[{"id":1764,"href":"https:\/\/www.ifbaiano.edu.br\/unidades\/valenca\/wp-json\/wp\/v2\/posts\/1751\/revisions\/1764"}],"wp:attachment":[{"href":"https:\/\/www.ifbaiano.edu.br\/unidades\/valenca\/wp-json\/wp\/v2\/media?parent=1751"}],"wp:term":[{"taxonomy":"category","embeddable":true,"href":"https:\/\/www.ifbaiano.edu.br\/unidades\/valenca\/wp-json\/wp\/v2\/categories?post=1751"},{"taxonomy":"post_tag","embeddable":true,"href":"https:\/\/www.ifbaiano.edu.br\/unidades\/valenca\/wp-json\/wp\/v2\/tags?post=1751"}],"curies":[{"name":"wp","href":"https:\/\/api.w.org\/{rel}","templated":true}]}}