{"id":1755,"date":"2012-04-20T22:31:33","date_gmt":"2012-04-20T22:31:33","guid":{"rendered":"http:\/\/www.ifbaiano.edu.br\/unidades\/valenca\/?p=1755"},"modified":"2012-04-20T22:32:19","modified_gmt":"2012-04-20T22:32:19","slug":"projeto-preve-reducao-do-consumo-de-copos-descartaveis-no-campus","status":"publish","type":"post","link":"https:\/\/www.ifbaiano.edu.br\/unidades\/valenca\/2012\/04\/20\/projeto-preve-reducao-do-consumo-de-copos-descartaveis-no-campus\/","title":{"rendered":"Projeto prev\u00ea redu\u00e7\u00e3o do consumo de copos descart\u00e1veis no C\u00e2mpus"},"content":{"rendered":"<p style=\"text-align: left\" align=\"center\">Para desenvolver a primeira fase do projeto, proposto pelo Professor Fl\u00e1vio barony, \u00a0foram instalados tubos coletores junto aos bebedouros do C\u00e2mpus. Esta etapa inicial possibilitar\u00e1 a redu\u00e7\u00e3o do volume e quantidade dos sacos de lixo coletados no C\u00e2mpus al\u00e9m de viabilizar a coleta seletiva dos copos descart\u00e1veis.<\/p>\n<p style=\"text-align: left\" align=\"center\"><a href=\"http:\/\/www.ifbaiano.edu.br\/unidades\/valenca\/files\/2012\/04\/tubos-coletores.jpg\"><img decoding=\"async\" loading=\"lazy\" class=\"aligncenter size-medium wp-image-1756\" src=\"http:\/\/www.ifbaiano.edu.br\/unidades\/valenca\/files\/2012\/04\/tubos-coletores-300x204.jpg\" alt=\"\" width=\"300\" height=\"204\" srcset=\"https:\/\/www.ifbaiano.edu.br\/unidades\/valenca\/files\/2012\/04\/tubos-coletores-300x204.jpg 300w, https:\/\/www.ifbaiano.edu.br\/unidades\/valenca\/files\/2012\/04\/tubos-coletores-400x272.jpg 400w, https:\/\/www.ifbaiano.edu.br\/unidades\/valenca\/files\/2012\/04\/tubos-coletores.jpg 622w\" sizes=\"(max-width: 300px) 100vw, 300px\" \/><\/a><\/p>\n","protected":false},"excerpt":{"rendered":"<p>Para desenvolver a primeira fase do projeto, proposto pelo Professor Fl\u00e1vio barony, \u00a0foram instalados tubos coletores junto aos bebedouros do C\u00e2mpus. Esta etapa inicial possibilitar\u00e1 a redu\u00e7\u00e3o do volume e quantidade dos sacos de lixo coletados no C\u00e2mpus al\u00e9m de viabilizar a coleta seletiva dos copos descart\u00e1veis.<\/p>\n","protected":false},"author":6,"featured_media":0,"comment_status":"open","ping_status":"open","sticky":false,"template":"","format":"standard","meta":[],"categories":[1],"tags":[],"_links":{"self":[{"href":"https:\/\/www.ifbaiano.edu.br\/unidades\/valenca\/wp-json\/wp\/v2\/posts\/1755"}],"collection":[{"href":"https:\/\/www.ifbaiano.edu.br\/unidades\/valenca\/wp-json\/wp\/v2\/posts"}],"about":[{"href":"https:\/\/www.ifbaiano.edu.br\/unidades\/valenca\/wp-json\/wp\/v2\/types\/post"}],"author":[{"embeddable":true,"href":"https:\/\/www.ifbaiano.edu.br\/unidades\/valenca\/wp-json\/wp\/v2\/users\/6"}],"replies":[{"embeddable":true,"href":"https:\/\/www.ifbaiano.edu.br\/unidades\/valenca\/wp-json\/wp\/v2\/comments?post=1755"}],"version-history":[{"count":2,"href":"https:\/\/www.ifbaiano.edu.br\/unidades\/valenca\/wp-json\/wp\/v2\/posts\/1755\/revisions"}],"predecessor-version":[{"id":1758,"href":"https:\/\/www.ifbaiano.edu.br\/unidades\/valenca\/wp-json\/wp\/v2\/posts\/1755\/revisions\/1758"}],"wp:attachment":[{"href":"https:\/\/www.ifbaiano.edu.br\/unidades\/valenca\/wp-json\/wp\/v2\/media?parent=1755"}],"wp:term":[{"taxonomy":"category","embeddable":true,"href":"https:\/\/www.ifbaiano.edu.br\/unidades\/valenca\/wp-json\/wp\/v2\/categories?post=1755"},{"taxonomy":"post_tag","embeddable":true,"href":"https:\/\/www.ifbaiano.edu.br\/unidades\/valenca\/wp-json\/wp\/v2\/tags?post=1755"}],"curies":[{"name":"wp","href":"https:\/\/api.w.org\/{rel}","templated":true}]}}