{"id":1779,"date":"2012-05-02T23:06:51","date_gmt":"2012-05-02T23:06:51","guid":{"rendered":"http:\/\/www.ifbaiano.edu.br\/unidades\/valenca\/?p=1779"},"modified":"2012-05-10T17:53:21","modified_gmt":"2012-05-10T17:53:21","slug":"aula-inaugural-do-projeto-de-extensao-karate-do-cidadao-sera-proximo-dia-1005","status":"publish","type":"post","link":"https:\/\/www.ifbaiano.edu.br\/unidades\/valenca\/2012\/05\/02\/aula-inaugural-do-projeto-de-extensao-karate-do-cidadao-sera-proximo-dia-1005\/","title":{"rendered":"Aula inaugural do Projeto de Extens\u00e3o KARAT\u00ca-DO CIDAD\u00c3O ser\u00e1 pr\u00f3ximo dia 10\/05"},"content":{"rendered":"<p>O Instituto Federal de Educa\u00e7\u00e3o, Ci\u00eancia e Tecnologia Baiano \u2013 IF Baiano\/C\u00e2mpus Valen\u00e7a promove no dia 10 de maio \u00e0s 10 horas, no audit\u00f3rio do referido <em>campus,<\/em> aula inaugural do PROJETO DE EXTENS\u00c3O KARAT\u00ca-DO CIDAD\u00c3O, uma parceria entre o IF Baiano e a Prefeitura de Valen\u00e7a, sob a coordena\u00e7\u00e3o e execu\u00e7\u00e3o do Professor de Educa\u00e7\u00e3o F\u00edsica e tamb\u00e9m Faixa Preta 2\u00ba Dan de KARAT\u00ca-DO TRADICIONAL, Professor Cleber Figueiredo.<\/p>\n<p>Esse Projeto de Extens\u00e3o tem como objetivo oportunizar jovens na faixa et\u00e1ria de 9 a 15 anos de idade, que residem no entorno do <em>Campus<\/em> de Valen\u00e7a, a praticarem o KARAT\u00ca-DO aproveitando a oportunidade para conhecer a estrutura e funcionamento dessa unidade do IF Baiano.<\/p>\n<p>Foram oferecidas 80 vagas para ambos os sexos, divididos em duas turmas de 40 alunos que ter\u00e3o aula em turno oposto ao frequentado para as atividades escolares.<\/p>\n","protected":false},"excerpt":{"rendered":"<p>O Instituto Federal de Educa\u00e7\u00e3o, Ci\u00eancia e Tecnologia Baiano \u2013 IF Baiano\/C\u00e2mpus Valen\u00e7a promove no dia 10 de maio \u00e0s 10 horas, no audit\u00f3rio do referido campus, aula inaugural do PROJETO DE EXTENS\u00c3O KARAT\u00ca-DO CIDAD\u00c3O, uma parceria entre o IF Baiano e a Prefeitura de Valen\u00e7a, sob a coordena\u00e7\u00e3o e execu\u00e7\u00e3o do Professor de Educa\u00e7\u00e3o [&hellip;]<\/p>\n","protected":false},"author":6,"featured_media":0,"comment_status":"open","ping_status":"open","sticky":false,"template":"","format":"standard","meta":[],"categories":[5,26],"tags":[],"_links":{"self":[{"href":"https:\/\/www.ifbaiano.edu.br\/unidades\/valenca\/wp-json\/wp\/v2\/posts\/1779"}],"collection":[{"href":"https:\/\/www.ifbaiano.edu.br\/unidades\/valenca\/wp-json\/wp\/v2\/posts"}],"about":[{"href":"https:\/\/www.ifbaiano.edu.br\/unidades\/valenca\/wp-json\/wp\/v2\/types\/post"}],"author":[{"embeddable":true,"href":"https:\/\/www.ifbaiano.edu.br\/unidades\/valenca\/wp-json\/wp\/v2\/users\/6"}],"replies":[{"embeddable":true,"href":"https:\/\/www.ifbaiano.edu.br\/unidades\/valenca\/wp-json\/wp\/v2\/comments?post=1779"}],"version-history":[{"count":5,"href":"https:\/\/www.ifbaiano.edu.br\/unidades\/valenca\/wp-json\/wp\/v2\/posts\/1779\/revisions"}],"predecessor-version":[{"id":1802,"href":"https:\/\/www.ifbaiano.edu.br\/unidades\/valenca\/wp-json\/wp\/v2\/posts\/1779\/revisions\/1802"}],"wp:attachment":[{"href":"https:\/\/www.ifbaiano.edu.br\/unidades\/valenca\/wp-json\/wp\/v2\/media?parent=1779"}],"wp:term":[{"taxonomy":"category","embeddable":true,"href":"https:\/\/www.ifbaiano.edu.br\/unidades\/valenca\/wp-json\/wp\/v2\/categories?post=1779"},{"taxonomy":"post_tag","embeddable":true,"href":"https:\/\/www.ifbaiano.edu.br\/unidades\/valenca\/wp-json\/wp\/v2\/tags?post=1779"}],"curies":[{"name":"wp","href":"https:\/\/api.w.org\/{rel}","templated":true}]}}