{"id":1788,"date":"2012-05-07T23:10:38","date_gmt":"2012-05-07T23:10:38","guid":{"rendered":"http:\/\/www.ifbaiano.edu.br\/unidades\/valenca\/?p=1788"},"modified":"2012-05-14T00:30:41","modified_gmt":"2012-05-14T00:30:41","slug":"campus-valenca-tem-novo-diretor-geral","status":"publish","type":"post","link":"https:\/\/www.ifbaiano.edu.br\/unidades\/valenca\/2012\/05\/07\/campus-valenca-tem-novo-diretor-geral\/","title":{"rendered":"Campus Valen\u00e7a tem novo Diretor Geral"},"content":{"rendered":"<p style=\"text-align: left\" align=\"center\">Giovanni Gomes Lessa assume o cargo de Diretor Geral do campus Valen\u00e7a, que at\u00e9 ent\u00e3o era exercido pelo Prof. Francisco Harley. A Posse foi formalizada hoje (07\/05) em reuni\u00e3o realizada na Reitoria do IF Baiano.<\/p>\n<p>O novo diretor, Giovanni Gomes Lessa, afirma que pretende continuar os trabalhos j\u00e1 desenvolvidos com a pr\u00f3pria colabora\u00e7\u00e3o e em comunh\u00e3o da gest\u00e3o central anterior (do Prof. Harley), pretendendo \u201campliar as condi\u00e7\u00f5es e projetos, como a constru\u00e7\u00e3o do novo <em>Campus <\/em>\u2013 a ser erguido em breve no munic\u00edpio de Valen\u00e7a, dentre outras realiza\u00e7\u00f5es por vir\u201d.<\/p>\n<p>Em ocasi\u00e3o, o Reitor do IF Baiano, Prof. Sebasti\u00e3o Edson Moura, disse que o <em>Campus <\/em>Valen\u00e7a ter\u00e1 todo o suporte administrativo e cont\u00e1bil necess\u00e1rios nessa<br \/>\nnova fase de dire\u00e7\u00e3o geral.<\/p>\n<p>&nbsp;<\/p>\n<p style=\"text-align: right\">Fonte: ASCOM\/Reitoria<\/p>\n","protected":false},"excerpt":{"rendered":"<p>Giovanni Gomes Lessa assume o cargo de Diretor Geral do campus Valen\u00e7a, que at\u00e9 ent\u00e3o era exercido pelo Prof. Francisco Harley. A Posse foi formalizada hoje (07\/05) em reuni\u00e3o realizada na Reitoria do IF Baiano. O novo diretor, Giovanni Gomes Lessa, afirma que pretende continuar os trabalhos j\u00e1 desenvolvidos com a pr\u00f3pria colabora\u00e7\u00e3o e em [&hellip;]<\/p>\n","protected":false},"author":6,"featured_media":0,"comment_status":"open","ping_status":"open","sticky":false,"template":"","format":"standard","meta":[],"categories":[5,7],"tags":[],"_links":{"self":[{"href":"https:\/\/www.ifbaiano.edu.br\/unidades\/valenca\/wp-json\/wp\/v2\/posts\/1788"}],"collection":[{"href":"https:\/\/www.ifbaiano.edu.br\/unidades\/valenca\/wp-json\/wp\/v2\/posts"}],"about":[{"href":"https:\/\/www.ifbaiano.edu.br\/unidades\/valenca\/wp-json\/wp\/v2\/types\/post"}],"author":[{"embeddable":true,"href":"https:\/\/www.ifbaiano.edu.br\/unidades\/valenca\/wp-json\/wp\/v2\/users\/6"}],"replies":[{"embeddable":true,"href":"https:\/\/www.ifbaiano.edu.br\/unidades\/valenca\/wp-json\/wp\/v2\/comments?post=1788"}],"version-history":[{"count":3,"href":"https:\/\/www.ifbaiano.edu.br\/unidades\/valenca\/wp-json\/wp\/v2\/posts\/1788\/revisions"}],"predecessor-version":[{"id":1833,"href":"https:\/\/www.ifbaiano.edu.br\/unidades\/valenca\/wp-json\/wp\/v2\/posts\/1788\/revisions\/1833"}],"wp:attachment":[{"href":"https:\/\/www.ifbaiano.edu.br\/unidades\/valenca\/wp-json\/wp\/v2\/media?parent=1788"}],"wp:term":[{"taxonomy":"category","embeddable":true,"href":"https:\/\/www.ifbaiano.edu.br\/unidades\/valenca\/wp-json\/wp\/v2\/categories?post=1788"},{"taxonomy":"post_tag","embeddable":true,"href":"https:\/\/www.ifbaiano.edu.br\/unidades\/valenca\/wp-json\/wp\/v2\/tags?post=1788"}],"curies":[{"name":"wp","href":"https:\/\/api.w.org\/{rel}","templated":true}]}}